{"id":21951,"date":"2025-10-12T06:52:37","date_gmt":"2025-10-12T10:52:37","guid":{"rendered":"https:\/\/agromt.news\/?p=21951"},"modified":"2025-10-12T06:52:37","modified_gmt":"2025-10-12T10:52:37","slug":"producao-de-trigo-deve-ser-a-menor-desde-2020","status":"publish","type":"post","link":"https:\/\/agromt.news\/?p=21951","title":{"rendered":"Produ\u00e7\u00e3o de trigo deve ser a menor desde 2020"},"content":{"rendered":"<p> <br \/>\n<\/p>\n<div>\n<p style=\"text-align:justify\">Segundo an\u00e1lise da Central Internacional de An\u00e1lises Econ\u00f4micas e de Estudos de Mercado Agropecu\u00e1rio (Ceema), referente \u00e0 semana de 3 a 9 de outubro e publicada nesta quinta-feira (9), os pre\u00e7os do <a href=\"https:\/\/www.agrolink.com.br\/culturas\/trigo\/?utm_source=agrolink-detalhe-noticia&amp;utm_medium=detalhe-noticia&amp;utm_campaign=links-internos\" target=\"_blank\" rel=\"noopener\">trigo<\/a>\u00a0continuam em trajet\u00f3ria de baixa. As principais pra\u00e7as ga\u00fachas registraram valores m\u00e9dios de R$ 64,00 por saca, enquanto no Paran\u00e1 os pre\u00e7os variaram entre R$ 64,00 e R$ 66,00.&#13;\n<\/p>\n<p style=\"text-align:justify\">A colheita no Paran\u00e1 atingiu 60% da \u00e1rea semeada nesta semana. No Rio Grande do Sul, ainda n\u00e3o h\u00e1 estat\u00edsticas consolidadas, embora, no in\u00edcio do m\u00eas, cerca de 10% das lavouras estivessem na fase de matura\u00e7\u00e3o.<\/p>\n<p style=\"text-align:justify\">O cen\u00e1rio \u00e9 influenciado pela entrada de trigo argentino mais barato, o que, aliado \u00e0 valoriza\u00e7\u00e3o cambial, levou os vendedores brasileiros a reduzir novamente os pre\u00e7os do produto nacional para manter a competitividade. De acordo com dados da Secretaria de Com\u00e9rcio Exterior (Secex), o Brasil importou 568.980 toneladas de trigo em setembro. Desse total, 87,3% vieram da Argentina, 7% do Paraguai e 5,8% do Canad\u00e1. O pre\u00e7o m\u00e9dio das importa\u00e7\u00f5es foi de US$ 230,09 por tonelada, equivalente a R$ 1.235,12 por tonelada, com base na cota\u00e7\u00e3o m\u00e9dia do d\u00f3lar a R$ 5,37 \u2014 o menor valor desde novembro de 2020. Entre janeiro e setembro de 2025, o pa\u00eds importou 5,249 milh\u00f5es de toneladas, volume 2% superior ao registrado no mesmo per\u00edodo de 2024.<\/p>\n<p style=\"text-align:justify\">No Rio Grande do Sul, a m\u00e9dia do pre\u00e7o FOB foi de R$ 1.259,39 por tonelada, recuo de 2,5% em rela\u00e7\u00e3o a agosto e de 9,4% frente a setembro de 2024, segundo o Cepea. Esse \u00e9 o menor valor registrado desde janeiro de 2025. No Paran\u00e1, a cota\u00e7\u00e3o m\u00e9dia ficou em R$ 1.346,92 por tonelada, com redu\u00e7\u00e3o de 6% no m\u00eas e 10,8% no comparativo anual, o menor patamar real desde abril de 2024. Em S\u00e3o Paulo, o pre\u00e7o m\u00e9dio foi de R$ 1.255,13 por tonelada, com queda de 12,3% no m\u00eas e 19,5% em um ano, o menor n\u00edvel desde outubro de 2023. Em Santa Catarina, o valor m\u00e9dio foi de R$ 1.358,61 por tonelada, recuo de 5,2% no m\u00eas e 11,3% em um ano, tamb\u00e9m o menor desde outubro de 2023.&#13;\n<\/p>\n<p style=\"text-align:justify\">Enquanto isso, a demanda por derivados de trigo permanece est\u00e1vel, mas o avan\u00e7o da colheita pressiona os moinhos a reduzirem pre\u00e7os. Segundo o Cepea, entre agosto e setembro, a m\u00e9dia do pre\u00e7o do farelo de trigo caiu 5,2% no granel e 1,88% no ensacado. As farinhas tamb\u00e9m apresentaram retra\u00e7\u00e3o m\u00e9dia de pre\u00e7os: 2,8% para massas frescas, 2,7% para massas em geral, 2% para bolacha salgada, 3,2% para bolacha doce, 2,29% para panifica\u00e7\u00e3o e 1,64% para pr\u00e9-misturas.<\/p>\n<p style=\"text-align:justify\">Por fim, o \u00faltimo relat\u00f3rio da Companhia Nacional de Abastecimento (Conab) revisou para baixo a estimativa da safra de trigo no pa\u00eds. A produ\u00e7\u00e3o foi projetada em 7,536 milh\u00f5es de toneladas, 4,5% inferior \u00e0 colheita de 2024. Essa deve ser a menor safra desde 2020, com uma \u00e1rea plantada 19,9% menor do que a registrada no ano passado.&#13;\n<\/p>\n<\/p><\/div>\n<p><script data-cfasync=\"false\">\n    !function (f, b, e, v, n, t, s) {\n        if (f.fbq) return; n = f.fbq = function () {\n            n.callMethod ?\n                n.callMethod.apply(n, arguments) : n.queue.push(arguments)\n        };\n        if (!f._fbq) f._fbq = n; n.push = n; n.loaded = !0; n.version = '2.0';\n        n.queue = []; t = b.createElement(e); t.async = !0;\n        t.src = v; s = b.getElementsByTagName(e)[0];\n        s.parentNode.insertBefore(t, s)\n    }(window, document, 'script',\n        'https:\/\/connect.facebook.net\/en_US\/fbevents.js');\n    fbq('init', '522546078623747');\n    fbq('track', 'PageView');\n<\/script><br \/>\n<br \/><br \/>\n<br \/><a href=\"https:\/\/www.agrolink.com.br\/noticias\/producao-de-trigo-deve-ser-a-menor-desde-2020_506858.html\">Source link <\/a><\/p>\n","protected":false},"excerpt":{"rendered":"<p>Segundo an\u00e1lise da Central Internacional de An\u00e1lises Econ\u00f4micas e de Estudos de Mercado Agropecu\u00e1rio (Ceema), referente \u00e0 semana de 3<\/p>\n","protected":false},"author":1,"featured_media":1552,"comment_status":"open","ping_status":"open","sticky":false,"template":"","format":"standard","meta":{"_monsterinsights_skip_tracking":false,"_monsterinsights_sitenote_active":false,"_monsterinsights_sitenote_note":"","_monsterinsights_sitenote_category":0,"_uf_show_specific_survey":0,"_uf_disable_surveys":false,"footnotes":""},"categories":[8,1,14],"tags":[],"class_list":["post-21951","post","type-post","status-publish","format-standard","has-post-thumbnail","hentry","category-agro","category-news","category-politica-agro"],"_links":{"self":[{"href":"https:\/\/agromt.news\/index.php?rest_route=\/wp\/v2\/posts\/21951"}],"collection":[{"href":"https:\/\/agromt.news\/index.php?rest_route=\/wp\/v2\/posts"}],"about":[{"href":"https:\/\/agromt.news\/index.php?rest_route=\/wp\/v2\/types\/post"}],"author":[{"embeddable":true,"href":"https:\/\/agromt.news\/index.php?rest_route=\/wp\/v2\/users\/1"}],"replies":[{"embeddable":true,"href":"https:\/\/agromt.news\/index.php?rest_route=%2Fwp%2Fv2%2Fcomments&post=21951"}],"version-history":[{"count":0,"href":"https:\/\/agromt.news\/index.php?rest_route=\/wp\/v2\/posts\/21951\/revisions"}],"wp:featuredmedia":[{"embeddable":true,"href":"https:\/\/agromt.news\/index.php?rest_route=\/wp\/v2\/media\/1552"}],"wp:attachment":[{"href":"https:\/\/agromt.news\/index.php?rest_route=%2Fwp%2Fv2%2Fmedia&parent=21951"}],"wp:term":[{"taxonomy":"category","embeddable":true,"href":"https:\/\/agromt.news\/index.php?rest_route=%2Fwp%2Fv2%2Fcategories&post=21951"},{"taxonomy":"post_tag","embeddable":true,"href":"https:\/\/agromt.news\/index.php?rest_route=%2Fwp%2Fv2%2Ftags&post=21951"}],"curies":[{"name":"wp","href":"https:\/\/api.w.org\/{rel}","templated":true}]}}