{"id":21947,"date":"2025-10-12T04:56:41","date_gmt":"2025-10-12T08:56:41","guid":{"rendered":"https:\/\/agromt.news\/?p=21947"},"modified":"2025-10-12T04:56:41","modified_gmt":"2025-10-12T08:56:41","slug":"mahindra-celebra-9-anos-de-historia-no-brasil","status":"publish","type":"post","link":"https:\/\/agromt.news\/?p=21947","title":{"rendered":"Mahindra celebra 9 anos de hist\u00f3ria no Brasil"},"content":{"rendered":"<p> <br \/>\n<\/p>\n<div>\n<p style=\"text-align:justify\">Outubro \u00e9 m\u00eas de celebra\u00e7\u00e3o para a Mahindra Brasil. Em 2025, a empresa completa 9 anos de atua\u00e7\u00e3o no pa\u00eds e marca esse momento com um passo decisivo em sua trajet\u00f3ria: o in\u00edcio das obras da nova planta industrial em Dois Irm\u00e3os (RS), fruto de um investimento previsto de R$ 100 milh\u00f5es nos pr\u00f3ximos cinco anos.&#13;\n<\/p>\n<p style=\"text-align:justify\">A nova sede ser\u00e1 constru\u00edda \u00e0s margens da BR-116 \u2013 Estrada Travess\u00e3o Ivoti\/Dois Irm\u00e3os &#8211; RS, em uma \u00e1rea de mais de 89 mil m\u00b2, com 38.568 m\u00b2 de \u00e1rea constru\u00edda e previs\u00e3o de expans\u00e3o de 24 mil m\u00b2. Com isso, a capacidade produtiva da Mahindra ser\u00e1 triplicada, passando de 3 mil para 9 mil tratores por ano. O n\u00famero de empregos tamb\u00e9m ser\u00e1 ampliado, com expectativa de crescimento de 100 para 300 colaboradores diretos e indiretos.<\/p>\n<p style=\"text-align:justify\">Mais do que uma nova f\u00e1brica, esse projeto representa o fortalecimento da Mahindra no Brasil, consolidando sua atua\u00e7\u00e3o com mais de 13 mil tratores em solo nacional, mais de 90 pontos de venda e assist\u00eancia t\u00e9cnica, e uma rede de parceiros que compartilham o prop\u00f3sito de transformar o campo com for\u00e7a, tecnologia e proximidade.&#13;\n<\/p>\n<p style=\"text-align:justify\">\u201cEstamos investindo n\u00e3o apenas em infraestrutura, mas no futuro da agricultura nacional, com foco nos produtores que realmente alimentam o pa\u00eds. Este projeto refor\u00e7a nosso compromisso com o desenvolvimento regional, gera\u00e7\u00e3o de empregos e inova\u00e7\u00e3o acess\u00edvel para o campo brasileiro\u201d, destaca Jak Torretta Jr., CEO da Mahindra Brasil.<\/p>\n<p style=\"text-align:justify\">A celebra\u00e7\u00e3o dos 9 anos tamb\u00e9m \u00e9 marcada por a\u00e7\u00f5es internas voltadas ao pertencimento dos colaboradores, homenagens \u00e0 rede de concession\u00e1rios e iniciativas que refor\u00e7am a cultura de crescimento e transforma\u00e7\u00e3o da empresa.<\/p>\n<p style=\"text-align:justify\">A escolha por Dois Irm\u00e3os refor\u00e7a o v\u00ednculo da Mahindra com o munic\u00edpio, que acolheu a empresa desde o in\u00edcio de sua opera\u00e7\u00e3o no Brasil. A parceria com a Prefeitura foi oficializada em setembro, com a libera\u00e7\u00e3o da licen\u00e7a ambiental pr\u00e9via e assinatura do contrato para in\u00edcio das obras.&#13;\n<\/p>\n<p style=\"text-align:justify\">\u201cA nova f\u00e1brica da Mahindra representa um avan\u00e7o significativo para Dois Irm\u00e3os. \u00c9 resultado de uma parceria s\u00f3lida que vai gerar empregos, movimentar a economia local, posicionar o nosso munic\u00edpio como refer\u00eancia no setor agr\u00edcola\u201d, afirmou o prefeito Jerri Meneghetti.<\/p>\n<\/p><\/div>\n<p><script data-cfasync=\"false\">\n    !function (f, b, e, v, n, t, s) {\n        if (f.fbq) return; n = f.fbq = function () {\n            n.callMethod ?\n                n.callMethod.apply(n, arguments) : n.queue.push(arguments)\n        };\n        if (!f._fbq) f._fbq = n; n.push = n; n.loaded = !0; n.version = '2.0';\n        n.queue = []; t = b.createElement(e); t.async = !0;\n        t.src = v; s = b.getElementsByTagName(e)[0];\n        s.parentNode.insertBefore(t, s)\n    }(window, document, 'script',\n        'https:\/\/connect.facebook.net\/en_US\/fbevents.js');\n    fbq('init', '522546078623747');\n    fbq('track', 'PageView');\n<\/script><br \/>\n<br \/><br \/>\n<br \/><a href=\"https:\/\/www.agrolink.com.br\/noticias\/mahindra-celebra-9-anos-de-historia-no-brasil_506856.html\">Source link <\/a><\/p>\n","protected":false},"excerpt":{"rendered":"<p>Outubro \u00e9 m\u00eas de celebra\u00e7\u00e3o para a Mahindra Brasil. Em 2025, a empresa completa 9 anos de atua\u00e7\u00e3o no pa\u00eds<\/p>\n","protected":false},"author":1,"featured_media":21948,"comment_status":"open","ping_status":"open","sticky":false,"template":"","format":"standard","meta":{"_monsterinsights_skip_tracking":false,"_monsterinsights_sitenote_active":false,"_monsterinsights_sitenote_note":"","_monsterinsights_sitenote_category":0,"_uf_show_specific_survey":0,"_uf_disable_surveys":false,"footnotes":""},"categories":[8,1,14],"tags":[],"class_list":["post-21947","post","type-post","status-publish","format-standard","has-post-thumbnail","hentry","category-agro","category-news","category-politica-agro"],"_links":{"self":[{"href":"https:\/\/agromt.news\/index.php?rest_route=\/wp\/v2\/posts\/21947"}],"collection":[{"href":"https:\/\/agromt.news\/index.php?rest_route=\/wp\/v2\/posts"}],"about":[{"href":"https:\/\/agromt.news\/index.php?rest_route=\/wp\/v2\/types\/post"}],"author":[{"embeddable":true,"href":"https:\/\/agromt.news\/index.php?rest_route=\/wp\/v2\/users\/1"}],"replies":[{"embeddable":true,"href":"https:\/\/agromt.news\/index.php?rest_route=%2Fwp%2Fv2%2Fcomments&post=21947"}],"version-history":[{"count":0,"href":"https:\/\/agromt.news\/index.php?rest_route=\/wp\/v2\/posts\/21947\/revisions"}],"wp:featuredmedia":[{"embeddable":true,"href":"https:\/\/agromt.news\/index.php?rest_route=\/wp\/v2\/media\/21948"}],"wp:attachment":[{"href":"https:\/\/agromt.news\/index.php?rest_route=%2Fwp%2Fv2%2Fmedia&parent=21947"}],"wp:term":[{"taxonomy":"category","embeddable":true,"href":"https:\/\/agromt.news\/index.php?rest_route=%2Fwp%2Fv2%2Fcategories&post=21947"},{"taxonomy":"post_tag","embeddable":true,"href":"https:\/\/agromt.news\/index.php?rest_route=%2Fwp%2Fv2%2Ftags&post=21947"}],"curies":[{"name":"wp","href":"https:\/\/api.w.org\/{rel}","templated":true}]}}