{"id":21942,"date":"2025-10-11T19:20:28","date_gmt":"2025-10-11T23:20:28","guid":{"rendered":"https:\/\/agromt.news\/?p=21942"},"modified":"2025-10-11T19:20:28","modified_gmt":"2025-10-11T23:20:28","slug":"arroba-do-boi-aumentou-durante-a-semana-e-tem-folego-para-crescer-ainda-mais","status":"publish","type":"post","link":"https:\/\/agromt.news\/?p=21942","title":{"rendered":"Arroba do boi aumentou durante a semana e tem f\u00f4lego para crescer ainda mais"},"content":{"rendered":"<p> <br \/>\n<\/p>\n<div>\n<p>O mercado brasileiro de boi gordo registrou alta dos pre\u00e7os no decorrer da semana em um ambiente pautado pelo encurtamento das escalas de abate, principalmente para os frigor\u00edficos de menor porte.<\/p>\n<p>Segundo o analista de Safras &amp; Mercado Fernando Iglesias, as ind\u00fastrias de maior porte ainda sinalizam uma maior disponibilidade de animais de parceria, com uma posi\u00e7\u00e3o de escalas relativamente mais tranquila.<\/p>\n<p>\u201cJ\u00e1 o mercado interno apresentou maior fluidez durante a semana, com melhora dos pre\u00e7os da carne bovina no atacado. Outro elemento importante s\u00e3o as exporta\u00e7\u00f5es, que permanecem em \u00f3timo n\u00edvel\u201d, conta.<\/p>\n<h2 class=\"wp-block-heading\" id=\"h-precos-medios-da-arroba-do-boi\">Pre\u00e7os m\u00e9dios da arroba do boi<\/h2>\n<p>Os pre\u00e7os da arroba do boi gordo na modalidade a prazo nas principais pra\u00e7as de comercializa\u00e7\u00e3o do Brasil estavam assim no dia 9 de outubro:<\/p>\n<ul class=\"wp-block-list\">\n<li><strong>S\u00e3o Paulo (Capital):<\/strong> R$ 310, alta de 3,33% frente aos R$ 300 da semana passada<\/li>\n<li><strong>Goi\u00e1s (Goi\u00e2nia):<\/strong> R$ 295, avan\u00e7o de 1,72% em compara\u00e7\u00e3o aos R$ 290 registrados na \u00faltima semana<\/li>\n<li><strong>Minas Gerais (Uberaba):<\/strong> R$ 295, aumento de 1,72% frente aos R$ 290 apontados no fechamento do per\u00edodo anterior<\/li>\n<li><strong>Mato Grosso do Sul (Dourados):<\/strong> R$ 320, est\u00e1vel em rela\u00e7\u00e3o \u00e0 semana passada<\/li>\n<li><strong>Mato Grosso (Cuiab\u00e1):<\/strong> R$ 295, inalterado frente \u00e0 semana anterior<\/li>\n<li><strong>Rond\u00f4nia (Vilhena):<\/strong> R$ 280, valoriza\u00e7\u00e3o de 2,56% em compara\u00e7\u00e3o aos R$ 273 praticados no fechamento da semana passada<\/li>\n<\/ul>\n<h2 class=\"wp-block-heading\" id=\"h-mercado-atacadista\">Mercado atacadista<\/h2>\n<p>Iglesias comenta que o mercado atacadista trabalhou com pre\u00e7os firmes ao longo da semana.<\/p>\n<p>A perspectiva em termos de neg\u00f3cios ainda sugere reajustes nos pre\u00e7os no curto prazo, por conta da entrada dos sal\u00e1rios na economia, o que favorece uma melhor reposi\u00e7\u00e3o entre o atacado e o varejo.<\/p>\n<p>Segundo o analista, a chegada do \u00faltimo trimestre tamb\u00e9m produz otimismo, considerando o consumo aquecido que marca esse per\u00edodo. <\/p>\n<p>\u201cAcredito que teremos mais um movimento de alta, mas de forma comedida e limitado pela oferta na virada de m\u00eas, considerando a proximidade das festas de fim de ano e a entrada do d\u00e9cimo terceiro sal\u00e1rio na economia\u201d<\/p>\n<p>O quarto do traseiro do boi foi cotado a R$ 25,00 o quilo, alta de 8,70% frente aos R$ 23,00 o quilo praticado na semana passada. J\u00e1 o quarto do dianteiro do boi foi vendido por R$ 17,70 o quilo, avan\u00e7o de 4,12% frente ao valor registrado na \u00faltima semana, de R$ 17,00 o quilo.<\/p>\n<h2 class=\"wp-block-heading\" id=\"h-exportacoes-de-carne-bovina\">Exporta\u00e7\u00f5es de carne bovina<\/h2>\n<figure class=\"wp-block-image size-full\"><img fetchpriority=\"high\" decoding=\"async\" width=\"768\" height=\"467\" src=\"https:\/\/agromt.news\/wp-content\/uploads\/2025\/08\/Brasil-passara-a-exportar-carne-bovina-para-pais-do-Caribe.jpeg\" alt=\"carne bovina\" class=\"wp-image-4118830\"  \/><figcaption class=\"wp-element-caption\">Foto: Divulga\u00e7\u00e3o Mapa<\/figcaption><\/figure>\n<p>As exporta\u00e7\u00f5es de carne bovina fresca, congelada ou refrigerada do Brasil renderam US$ 1,767 bilh\u00e3o em setembro (22 dias \u00fateis), com m\u00e9dia di\u00e1ria de US$ 80,351 milh\u00f5es, conforme a Secretaria de Com\u00e9rcio Exterior (Secex).<\/p>\n<p>A quantidade total exportada pelo pa\u00eds chegou a 314,690 mil toneladas, com m\u00e9dia di\u00e1ria de 14,304 mil toneladas. O pre\u00e7o m\u00e9dio da tonelada ficou em US$ 5.617,40.<\/p>\n<pre class=\"wp-block-code\"><code>Em rela\u00e7\u00e3o a setembro de 2024, houve alta de <strong>55,6%<\/strong> no valor m\u00e9dio di\u00e1rio da exporta\u00e7\u00e3o, ganho de <strong>25,1%<\/strong> na quantidade m\u00e9dia di\u00e1ria exportada e avan\u00e7o de <strong>24,4%<\/strong> no pre\u00e7o m\u00e9dio. <\/code><\/pre>\n<\/p><\/div>\n<p><br \/>\n<br \/><a href=\"https:\/\/www.canalrural.com.br\/pecuaria\/arroba-do-boi-aumentou-durante-a-semana-e-tem-folego-para-crescer-ainda-mais\/\">Source link <\/a><\/p>\n","protected":false},"excerpt":{"rendered":"<p>O mercado brasileiro de boi gordo registrou alta dos pre\u00e7os no decorrer da semana em um ambiente pautado pelo encurtamento<\/p>\n","protected":false},"author":1,"featured_media":2033,"comment_status":"open","ping_status":"open","sticky":false,"template":"","format":"standard","meta":{"_monsterinsights_skip_tracking":false,"_monsterinsights_sitenote_active":false,"_monsterinsights_sitenote_note":"","_monsterinsights_sitenote_category":0,"_uf_show_specific_survey":0,"_uf_disable_surveys":false,"footnotes":""},"categories":[1],"tags":[],"class_list":["post-21942","post","type-post","status-publish","format-standard","has-post-thumbnail","hentry","category-news"],"_links":{"self":[{"href":"https:\/\/agromt.news\/index.php?rest_route=\/wp\/v2\/posts\/21942"}],"collection":[{"href":"https:\/\/agromt.news\/index.php?rest_route=\/wp\/v2\/posts"}],"about":[{"href":"https:\/\/agromt.news\/index.php?rest_route=\/wp\/v2\/types\/post"}],"author":[{"embeddable":true,"href":"https:\/\/agromt.news\/index.php?rest_route=\/wp\/v2\/users\/1"}],"replies":[{"embeddable":true,"href":"https:\/\/agromt.news\/index.php?rest_route=%2Fwp%2Fv2%2Fcomments&post=21942"}],"version-history":[{"count":0,"href":"https:\/\/agromt.news\/index.php?rest_route=\/wp\/v2\/posts\/21942\/revisions"}],"wp:featuredmedia":[{"embeddable":true,"href":"https:\/\/agromt.news\/index.php?rest_route=\/wp\/v2\/media\/2033"}],"wp:attachment":[{"href":"https:\/\/agromt.news\/index.php?rest_route=%2Fwp%2Fv2%2Fmedia&parent=21942"}],"wp:term":[{"taxonomy":"category","embeddable":true,"href":"https:\/\/agromt.news\/index.php?rest_route=%2Fwp%2Fv2%2Fcategories&post=21942"},{"taxonomy":"post_tag","embeddable":true,"href":"https:\/\/agromt.news\/index.php?rest_route=%2Fwp%2Fv2%2Ftags&post=21942"}],"curies":[{"name":"wp","href":"https:\/\/api.w.org\/{rel}","templated":true}]}}