{"id":21941,"date":"2025-10-11T18:55:15","date_gmt":"2025-10-11T22:55:15","guid":{"rendered":"https:\/\/agromt.news\/?p=21941"},"modified":"2025-10-11T18:55:15","modified_gmt":"2025-10-11T22:55:15","slug":"ciclone-se-aproxima-do-brasil-no-domingo-veja-quais-estados-sentirao-seus-efeitos","status":"publish","type":"post","link":"https:\/\/agromt.news\/?p=21941","title":{"rendered":"Ciclone se aproxima do Brasil no domingo; veja quais estados sentir\u00e3o seus efeitos"},"content":{"rendered":"<p> <br \/>\n<br \/><img decoding=\"async\" src=\"https:\/\/agromt.news\/wp-content\/uploads\/2025\/09\/Fim-de-semana-tera-ciclone-e-chegada-de-nova-frente.webp.webp\" \/><\/p>\n<div>\n<p>O Brasil deve enfrentar condi\u00e7\u00f5es severas de tempo a partir deste domingo (12), com a chegada de uma frente fria e a forma\u00e7\u00e3o de um ciclone extratropical entre o pa\u00eds, Uruguai, Argentina e Paraguai. De acordo com informa\u00e7\u00f5es do Climatempo e do meteorologista Arthur M\u00fcller, do <strong>Canal Rural<\/strong>, os fen\u00f4menos devem provocar chuvas intensas, queda de granizo, muitos raios e rajadas de vento que podem ultrapassar os 100 km\/h em v\u00e1rias regi\u00f5es do pa\u00eds.<\/p>\n<div data-icp-cta=\"1\" id=\"icp-cta-unique\">Voc\u00ea quer entender como usar o clima a seu favor?<b> <\/b><a href=\"https:\/\/climacampo.canalrural.com.br\/climacampo_-01\">Preparamos um e-book exclusivo<\/a> para ajudar produtores rurais a se antecipar \u00e0s mudan\u00e7as do tempo e planejar melhor suas a\u00e7\u00f5es. Com base em previs\u00f5es meteorol\u00f3gicas confi\u00e1veis, ele oferece orienta\u00e7\u00f5es pr\u00e1ticas para proteger sua lavoura e otimizar seus resultados.<\/div>\n<h2 class=\"wp-block-heading\" id=\"h-formacao-perigosa-no-cone-sul\">Forma\u00e7\u00e3o perigosa no Cone Sul<\/h2>\n<p>Segundo o Climatempo, o processo de forma\u00e7\u00e3o do ciclone come\u00e7a neste s\u00e1bado (11), com o aprofundamento de uma \u00e1rea de baixa press\u00e3o atmosf\u00e9rica entre o norte da Argentina e o Paraguai. A press\u00e3o no centro desse sistema deve cair para menos de 1000 hPa (hectopascais), configurando uma situa\u00e7\u00e3o meteorol\u00f3gica considerada perigosa. Esse tipo de baixa press\u00e3o favorece o desenvolvimento de nuvens do tipo cumulonimbus, que provocam tempestades severas.<\/p>\n<p>O ciclone extratropical deve se organizar entre o domingo (12) e a segunda-feira (13), pr\u00f3ximo ao Uruguai e \u00e0 prov\u00edncia de Buenos Aires, deslocando-se rapidamente em dire\u00e7\u00e3o ao oceano Atl\u00e2ntico. Embora n\u00e3o passe diretamente sobre o territ\u00f3rio brasileiro, sua proximidade com o Sul do pa\u00eds vai intensificar os efeitos clim\u00e1ticos, especialmente o vento forte.<\/p>\n<h2 class=\"wp-block-heading\" id=\"h-regioes-em-alerta-quais-estados-serao-afetados\">Regi\u00f5es em alerta: quais estados ser\u00e3o afetados?<\/h2>\n<p>Os principais impactos clim\u00e1ticos devem ser sentidos em duas grandes regi\u00f5es: o Sul e o Centro-Sul do Brasil.<\/p>\n<p><strong>Regi\u00e3o Sul<\/strong><\/p>\n<p>A frente fria e o ciclone extratropical devem atingir todos os tr\u00eas estados da regi\u00e3o:<\/p>\n<ul class=\"wp-block-list\">\n<li>Rio Grande do Sul: \u00e9 o estado com maior risco de temporais severos. Rajadas de vento podem ultrapassar os 100 km\/h, especialmente no centro-oeste e sudoeste ga\u00facho, onde as tempestades devem come\u00e7ar ainda na madrugada de domingo. H\u00e1 alerta da Defesa Civil para cheias de arroios e pequenos rios, devido ao grande volume de chuva. Tamb\u00e9m h\u00e1 risco elevado de queda de granizo e descargas el\u00e9tricas.<\/li>\n<li>Santa Catarina e Paran\u00e1: as tempestades devem avan\u00e7ar no domingo pela manh\u00e3 e se intensificar ao longo do dia, com rajadas de vento variando entre 70 km\/h e 90 km\/h. Apesar de menos intensos que no RS, os temporais tamb\u00e9m podem causar alagamentos urbanos e transtornos pontuais.<\/li>\n<\/ul>\n<p><strong>Centro-Sul do Brasil <\/strong><\/p>\n<p>De acordo com Arthur M\u00fcller, meteorologista do Canal Rural, os efeitos da frente fria associada ao ciclone tamb\u00e9m ser\u00e3o sentidos em outros estados entre o domingo (12) e a segunda-feira (13):<\/p>\n<ul class=\"wp-block-list\">\n<li>Mato Grosso e Mato Grosso do Sul: previs\u00e3o de temporais com rajadas de vento intensas e possibilidade de queda de granizo.<\/li>\n<li>S\u00e3o Paulo: especialmente no interior, h\u00e1 alerta para chuvas fortes, vento e tempestades el\u00e9tricas.<\/li>\n<li>Goi\u00e1s, Minas Gerais, Rio de Janeiro e Esp\u00edrito Santo: devem sentir os efeitos da frente fria j\u00e1 na madrugada de segunda-feira (13), com previs\u00e3o de chuvas volumosas e risco de temporais em pontos isolados.<\/li>\n<\/ul>\n<p>Al\u00e9m da chuva intensa, os estados devem ficar alertas para:<\/p>\n<ul class=\"wp-block-list\">\n<li>Ventania: rajadas podem ultrapassar 100 km\/h no RS e atingir 70 a 90 km\/h em SC, PR e \u00e1reas do Sudeste e Centro-Oeste.<\/li>\n<li>Granizo: h\u00e1 risco nos tr\u00eas estados do Sul no domingo (12). No RS, o risco j\u00e1 come\u00e7a no s\u00e1bado (11).<\/li>\n<li>Descargas el\u00e9tricas: com a forma\u00e7\u00e3o de muitas nuvens cumulonimbus, h\u00e1 previs\u00e3o de grande n\u00famero de raios, que podem provocar interrup\u00e7\u00f5es no fornecimento de energia el\u00e9trica, danos estruturais e morte de animais ou pessoas.<\/li>\n<\/ul><\/div>\n<p><br \/>\n<br \/><a href=\"https:\/\/www.canalrural.com.br\/tempo\/ciclone-se-aproxima-do-brasil-no-domingo-veja-quais-estados-sentirao-seus-efeitos\/\">Source link <\/a><\/p>\n","protected":false},"excerpt":{"rendered":"<p>O Brasil deve enfrentar condi\u00e7\u00f5es severas de tempo a partir deste domingo (12), com a chegada de uma frente fria<\/p>\n","protected":false},"author":1,"featured_media":20889,"comment_status":"open","ping_status":"open","sticky":false,"template":"","format":"standard","meta":{"_monsterinsights_skip_tracking":false,"_monsterinsights_sitenote_active":false,"_monsterinsights_sitenote_note":"","_monsterinsights_sitenote_category":0,"_uf_show_specific_survey":0,"_uf_disable_surveys":false,"footnotes":""},"categories":[1],"tags":[],"class_list":["post-21941","post","type-post","status-publish","format-standard","has-post-thumbnail","hentry","category-news"],"_links":{"self":[{"href":"https:\/\/agromt.news\/index.php?rest_route=\/wp\/v2\/posts\/21941"}],"collection":[{"href":"https:\/\/agromt.news\/index.php?rest_route=\/wp\/v2\/posts"}],"about":[{"href":"https:\/\/agromt.news\/index.php?rest_route=\/wp\/v2\/types\/post"}],"author":[{"embeddable":true,"href":"https:\/\/agromt.news\/index.php?rest_route=\/wp\/v2\/users\/1"}],"replies":[{"embeddable":true,"href":"https:\/\/agromt.news\/index.php?rest_route=%2Fwp%2Fv2%2Fcomments&post=21941"}],"version-history":[{"count":0,"href":"https:\/\/agromt.news\/index.php?rest_route=\/wp\/v2\/posts\/21941\/revisions"}],"wp:featuredmedia":[{"embeddable":true,"href":"https:\/\/agromt.news\/index.php?rest_route=\/wp\/v2\/media\/20889"}],"wp:attachment":[{"href":"https:\/\/agromt.news\/index.php?rest_route=%2Fwp%2Fv2%2Fmedia&parent=21941"}],"wp:term":[{"taxonomy":"category","embeddable":true,"href":"https:\/\/agromt.news\/index.php?rest_route=%2Fwp%2Fv2%2Fcategories&post=21941"},{"taxonomy":"post_tag","embeddable":true,"href":"https:\/\/agromt.news\/index.php?rest_route=%2Fwp%2Fv2%2Ftags&post=21941"}],"curies":[{"name":"wp","href":"https:\/\/api.w.org\/{rel}","templated":true}]}}