{"id":21877,"date":"2025-10-10T17:28:33","date_gmt":"2025-10-10T21:28:33","guid":{"rendered":"https:\/\/agromt.news\/?p=21877"},"modified":"2025-10-10T17:28:33","modified_gmt":"2025-10-10T21:28:33","slug":"ciclone-chega-no-fim-de-semana-e-coloca-estados-em-alerta-para-temporais-e-ventos-fortes","status":"publish","type":"post","link":"https:\/\/agromt.news\/?p=21877","title":{"rendered":"Ciclone chega no fim de semana e coloca estados em alerta para temporais e ventos fortes"},"content":{"rendered":"<p> <br \/>\n<br \/><img decoding=\"async\" src=\"https:\/\/agromt.news\/wp-content\/uploads\/2025\/09\/Fim-de-semana-tera-ciclone-e-chegada-de-nova-frente.webp.webp\" \/><\/p>\n<div>\n<p>Um ciclone extratropical deve se formar neste domingo (12) e provocar temporais, rajadas de vento intensas e queda de granizo em \u00e1reas do Centro-Sul do Brasil. O alerta vale principalmente para os estados de Mato Grosso, Mato Grosso do Sul, interior de S\u00e3o Paulo e Paran\u00e1, segundo previs\u00e3o do meteorologista do <strong>Canal Rural<\/strong>, Artur M\u00fcller.<\/p>\n<div data-icp-cta=\"1\" id=\"icp-cta-unique\">Voc\u00ea quer entender como usar o clima a seu favor?<b> <\/b><a href=\"https:\/\/climacampo.canalrural.com.br\/climacampo_-01\">Preparamos um e-book exclusivo<\/a> para ajudar produtores rurais a se antecipar \u00e0s mudan\u00e7as do tempo e planejar melhor suas a\u00e7\u00f5es. Com base em previs\u00f5es meteorol\u00f3gicas confi\u00e1veis, ele oferece orienta\u00e7\u00f5es pr\u00e1ticas para proteger sua lavoura e otimizar seus resultados.<\/div>\n<p>Segundo Arthur, o sistema \u00e9 resultado de uma \u00e1rea de baixa press\u00e3o atmosf\u00e9rica associada a um cavado, fen\u00f4meno que favorece a forma\u00e7\u00e3o de nuvens carregadas e tempestades. \u201cTodo o Centro-Sul do pa\u00eds deve ficar em aten\u00e7\u00e3o no domingo (12) e na segunda-feira (13). A chuva n\u00e3o ser\u00e1 t\u00e3o volumosa, mas as rajadas de vento podem derrubar \u00e1rvores e provocar interrup\u00e7\u00f5es no abastecimento de energia el\u00e9trica\u201d, afirma M\u00fcller.<\/p>\n<p>Apesar do alerta para o mau tempo, a chuva \u00e9 bem-vinda em muitas regi\u00f5es, especialmente para os produtores rurais que aguardam condi\u00e7\u00f5es melhores para avan\u00e7ar com o plantio da safra 2025\/26. \u201cEssas pancadas ajudam a aliviar o calor e o tempo seco que v\u00eam predominando no Brasil Central\u201d, destaca o meteorologista.<\/p>\n<p>Antes da chegada do sistema, o tempo segue firme em grande parte do pa\u00eds. O sol ainda predomina nesta sexta-feira (10) no Rio Grande do Sul, no interior do Matopiba (Maranh\u00e3o, Tocantins, Piau\u00ed e Bahia) e no norte de Minas Gerais. As temperaturas continuam elevadas, com m\u00e1ximas entre 30\u00b0C e 35\u00b0C.<\/p>\n<p><iframe title=\"Fim de semana tem forma\u00e7\u00e3o de ciclone no Sul\" width=\"800\" height=\"450\" src=\"https:\/\/www.youtube.com\/embed\/5TsG8g7__Tg?feature=oembed\" frameborder=\"0\" allow=\"accelerometer; autoplay; clipboard-write; encrypted-media; gyroscope; picture-in-picture; web-share\" referrerpolicy=\"strict-origin-when-cross-origin\" allowfullscreen><\/iframe>\n\t<\/div>\n<p><br \/>\n<br \/><a href=\"https:\/\/www.canalrural.com.br\/diversos\/ciclone-chega-no-fim-de-semana-e-coloca-estados-em-alerta-para-temporais-e-ventos-fortes\/\">Source link <\/a><\/p>\n","protected":false},"excerpt":{"rendered":"<p>Um ciclone extratropical deve se formar neste domingo (12) e provocar temporais, rajadas de vento intensas e queda de granizo<\/p>\n","protected":false},"author":1,"featured_media":20889,"comment_status":"open","ping_status":"open","sticky":false,"template":"","format":"standard","meta":{"_monsterinsights_skip_tracking":false,"_monsterinsights_sitenote_active":false,"_monsterinsights_sitenote_note":"","_monsterinsights_sitenote_category":0,"_uf_show_specific_survey":0,"_uf_disable_surveys":false,"footnotes":""},"categories":[1],"tags":[],"class_list":["post-21877","post","type-post","status-publish","format-standard","has-post-thumbnail","hentry","category-news"],"_links":{"self":[{"href":"https:\/\/agromt.news\/index.php?rest_route=\/wp\/v2\/posts\/21877"}],"collection":[{"href":"https:\/\/agromt.news\/index.php?rest_route=\/wp\/v2\/posts"}],"about":[{"href":"https:\/\/agromt.news\/index.php?rest_route=\/wp\/v2\/types\/post"}],"author":[{"embeddable":true,"href":"https:\/\/agromt.news\/index.php?rest_route=\/wp\/v2\/users\/1"}],"replies":[{"embeddable":true,"href":"https:\/\/agromt.news\/index.php?rest_route=%2Fwp%2Fv2%2Fcomments&post=21877"}],"version-history":[{"count":0,"href":"https:\/\/agromt.news\/index.php?rest_route=\/wp\/v2\/posts\/21877\/revisions"}],"wp:featuredmedia":[{"embeddable":true,"href":"https:\/\/agromt.news\/index.php?rest_route=\/wp\/v2\/media\/20889"}],"wp:attachment":[{"href":"https:\/\/agromt.news\/index.php?rest_route=%2Fwp%2Fv2%2Fmedia&parent=21877"}],"wp:term":[{"taxonomy":"category","embeddable":true,"href":"https:\/\/agromt.news\/index.php?rest_route=%2Fwp%2Fv2%2Fcategories&post=21877"},{"taxonomy":"post_tag","embeddable":true,"href":"https:\/\/agromt.news\/index.php?rest_route=%2Fwp%2Fv2%2Ftags&post=21877"}],"curies":[{"name":"wp","href":"https:\/\/api.w.org\/{rel}","templated":true}]}}