{"id":21872,"date":"2025-10-10T16:29:16","date_gmt":"2025-10-10T20:29:16","guid":{"rendered":"https:\/\/agromt.news\/?p=21872"},"modified":"2025-10-10T16:29:16","modified_gmt":"2025-10-10T20:29:16","slug":"capital-do-ovo-produz-22-milhoes-de-unidades-por-dia-e-tem-apenas-20-mil-habitantes","status":"publish","type":"post","link":"https:\/\/agromt.news\/?p=21872","title":{"rendered":"Capital do Ovo produz 22 milh\u00f5es de unidades por dia e tem apenas 20 mil habitantes"},"content":{"rendered":"<p> <br \/>\n<br \/><img decoding=\"async\" src=\"https:\/\/agromt.news\/wp-content\/uploads\/2025\/10\/Capital-do-Ovo-produz-22-milhoes-de-unidades-por-dia.jpg\" \/><\/p>\n<div>\n<p>De janeiro a setembro deste ano, os pre\u00e7os dos ovos pagos ao produtor est\u00e3o, em m\u00e9dia, 17% maiores quando comparados com igual per\u00edodo do ano passado. Outra boa not\u00edcia \u00e9 que os custos com a alimenta\u00e7\u00e3o do plantel tamb\u00e9m est\u00e3o menores em rela\u00e7\u00e3o ao mesmo intervalo de 2024, conforme an\u00e1lise da Scot Consultoria.<\/p>\n<p>A estimativa da Associa\u00e7\u00e3o Brasileira de Prote\u00edna Animal <strong><a href=\"https:\/\/www.canalrural.com.br\/tag\/abpa\/\">(ABPA)<\/a><\/strong> para 2025 \u00e9 que a produ\u00e7\u00e3o cres\u00e7a 7,5%, salto diretamente associado a maior demanda pelo produto. Assim, o consumo por habitante deve passar de 269 unidades por ano para 288.<\/p>\n<p><iframe title=\"Capital do ovo \u00e9 respons\u00e1vel por 11% da produ\u00e7\u00e3o nacional\" width=\"800\" height=\"450\" src=\"https:\/\/www.youtube.com\/embed\/-VZorU_bKxM?feature=oembed\" frameborder=\"0\" allow=\"accelerometer; autoplay; clipboard-write; encrypted-media; gyroscope; picture-in-picture; web-share\" referrerpolicy=\"strict-origin-when-cross-origin\" allowfullscreen><\/iframe><\/p>\n<p>Quanto \u00e0s exporta\u00e7\u00f5es, que representam apenas pouco mais de 1% da produ\u00e7\u00e3o nacional, tamb\u00e9m h\u00e1 expectativa de forte incremento ao longo de 2025. Nos primeiros nove meses do ano, o pa\u00eds j\u00e1 embarcou 174% a mais que igual per\u00edodo de 2024.<\/p>\n<h2 class=\"wp-block-heading\" id=\"h-campeao-de-producao-de-ovos\">Campe\u00e3o de produ\u00e7\u00e3o de ovos<\/h2>\n<p>Neste universo, um munic\u00edpio do interior de S\u00e3o Paulo se sobressai, sendo respons\u00e1vel por 11% de toda a produ\u00e7\u00e3o nacional. Conhecida como a Capital do Ovo, Bastos possui pouco mais de 20 mil habitantes, mas impressiona pela produtividade: cerca de 22 milh\u00f5es de ovos produzidos por dia.<\/p>\n<p>Por l\u00e1, tudo come\u00e7ou h\u00e1 mais de 100 anos, em 1908, com a chegada dos primeiros imigrantes japoneses no Brasil pelo navio Kasato Maru. Em 1928, foram para o interior paulista em busca de terras f\u00e9rteis para a agricultura. Depois de tentativas sem sucesso no cultivo de algod\u00e3o e na cria\u00e7\u00e3o de bicho de seda, veio a grande virada: a produ\u00e7\u00e3o de ovos.<\/p>\n<p>Conta-se que a primeira fam\u00edlia a investir nisso foi a do japon\u00eas Kizuki Watanabe, em 1937, quando ele e sua esposa compraram 200 galinhas e come\u00e7aram a testar a nova atividade, que deu certo.<\/p>\n<p>Percebendo o sucesso, a Bratac, empresa colonizadora da \u00e9poca, decidiu expandir o neg\u00f3cio, distribuindo matrizes para mais oito fam\u00edlias. Vinte anos depois, em 1966, a avicultura j\u00e1 representava 60% da atividade econ\u00f4mica local.<\/p>\n<p>\u201cO produtor de ovos de Bastos tem uma caracter\u00edstica muito diferente. Primeiro porque, em sua maioria, s\u00e3o descendentes japoneses e herdaram alguns tra\u00e7os da cultura japonesa que s\u00e3o muito importantes para se ter sucesso em qualquer nicho de produ\u00e7\u00e3o, como a disciplina, resili\u00eancia, flexibilidade, o momento de entender a hora de dar uma segurada e a hora de seguir em frente\u201d, considera o representante de marketing do Sindicato Rural de Bastos Tiago Henrique.<\/p>\n<p>Atualmente, s\u00e3o mais de 30 milh\u00f5es de aves alojadas no munic\u00edpio. H\u00e1 63 anos, a cidade celebra essa hist\u00f3ria na tradicional Festa do Ovo, que acontece todo m\u00eas de julho e re\u00fane produtores e visitantes para valorizar, comercializar e avaliar a qualidade do alimento.<\/p>\n<p>\u201cVem produtores de diversas regi\u00f5es do pa\u00eds e do mundo tamb\u00e9m [na festa]. [O evento] movimenta a nossa economia local, gera mais oportunidades, traz muitos benef\u00edcios tamb\u00e9m para os produtores locais que t\u00eam a oportunidade de negociar equipamentos, tecnologias\u201d, conta Henrique.<\/p>\n<\/p><\/div>\n<p><br \/>\n<br \/><a href=\"https:\/\/www.canalrural.com.br\/agricultura\/capital-do-ovo-produz-22-milhoes-de-unidades-por-dia-e-tem-apenas-20-mil-habitantes\/\">Source link <\/a><\/p>\n","protected":false},"excerpt":{"rendered":"<p>De janeiro a setembro deste ano, os pre\u00e7os dos ovos pagos ao produtor est\u00e3o, em m\u00e9dia, 17% maiores quando comparados<\/p>\n","protected":false},"author":1,"featured_media":21873,"comment_status":"open","ping_status":"open","sticky":false,"template":"","format":"standard","meta":{"_monsterinsights_skip_tracking":false,"_monsterinsights_sitenote_active":false,"_monsterinsights_sitenote_note":"","_monsterinsights_sitenote_category":0,"_uf_show_specific_survey":0,"_uf_disable_surveys":false,"footnotes":""},"categories":[1],"tags":[],"class_list":["post-21872","post","type-post","status-publish","format-standard","has-post-thumbnail","hentry","category-news"],"_links":{"self":[{"href":"https:\/\/agromt.news\/index.php?rest_route=\/wp\/v2\/posts\/21872"}],"collection":[{"href":"https:\/\/agromt.news\/index.php?rest_route=\/wp\/v2\/posts"}],"about":[{"href":"https:\/\/agromt.news\/index.php?rest_route=\/wp\/v2\/types\/post"}],"author":[{"embeddable":true,"href":"https:\/\/agromt.news\/index.php?rest_route=\/wp\/v2\/users\/1"}],"replies":[{"embeddable":true,"href":"https:\/\/agromt.news\/index.php?rest_route=%2Fwp%2Fv2%2Fcomments&post=21872"}],"version-history":[{"count":0,"href":"https:\/\/agromt.news\/index.php?rest_route=\/wp\/v2\/posts\/21872\/revisions"}],"wp:featuredmedia":[{"embeddable":true,"href":"https:\/\/agromt.news\/index.php?rest_route=\/wp\/v2\/media\/21873"}],"wp:attachment":[{"href":"https:\/\/agromt.news\/index.php?rest_route=%2Fwp%2Fv2%2Fmedia&parent=21872"}],"wp:term":[{"taxonomy":"category","embeddable":true,"href":"https:\/\/agromt.news\/index.php?rest_route=%2Fwp%2Fv2%2Fcategories&post=21872"},{"taxonomy":"post_tag","embeddable":true,"href":"https:\/\/agromt.news\/index.php?rest_route=%2Fwp%2Fv2%2Ftags&post=21872"}],"curies":[{"name":"wp","href":"https:\/\/api.w.org\/{rel}","templated":true}]}}