{"id":21862,"date":"2025-10-10T12:54:12","date_gmt":"2025-10-10T16:54:12","guid":{"rendered":"https:\/\/agromt.news\/?p=21862"},"modified":"2025-10-10T12:54:12","modified_gmt":"2025-10-10T16:54:12","slug":"cafes-especiais-do-brasil-podem-gerar-us-70-milhoes-no-japao","status":"publish","type":"post","link":"https:\/\/agromt.news\/?p=21862","title":{"rendered":"Caf\u00e9s especiais do Brasil podem gerar US$ 70 milh\u00f5es no Jap\u00e3o"},"content":{"rendered":"<p> <br \/>\n<br \/><img decoding=\"async\" src=\"https:\/\/agromt.news\/wp-content\/uploads\/2025\/06\/Anvisa-proibe-a-venda-de-tres-marcas-de-cafe.jpg\" \/><\/p>\n<div>\n<p>Produtores e exportadores brasileiros de caf\u00e9s especiais participaram de eventos no <a href=\"https:\/\/www.canalrural.com.br\/tag\/japao\/\">Jap\u00e3o<\/a> que podem gerar at\u00e9 US$ 70,125 milh\u00f5es em neg\u00f3cios. Desse total, US$ 7,18 milh\u00f5es foram fechados presencialmente, e US$ 62,945 milh\u00f5es est\u00e3o projetados para os pr\u00f3ximos 12 meses, segundo a Associa\u00e7\u00e3o Brasileira de Caf\u00e9s Especiais (<a href=\"https:\/\/www.canalrural.com.br\/tag\/bsca\/\">BSCA<\/a>).<\/p>\n<p>Entre 24 e 27 de setembro, os brasileiros participaram da <strong>SCAJ World Specialty Coffee Conference and Exhibition 2025<\/strong>, maior feira do setor na \u00c1sia, e da rodada \u201cTaste of the Harvest\u201d, com 53 importadores convidados. Foram realizados 722 contatos comerciais, sendo 297 com novos parceiros.<\/p>\n<h3 class=\"wp-block-heading\" id=\"h-exportacoes-para-o-japao\">Exporta\u00e7\u00f5es para o Jap\u00e3o<\/h3>\n<p>O Jap\u00e3o \u00e9 um dos principais destinos do caf\u00e9 brasileiro. Em 2024, o pa\u00eds importou 2,211 milh\u00f5es de sacas de 60 kg, correspondendo a 4,4% das exporta\u00e7\u00f5es nacionais e ocupando o quinto lugar no ranking de compradores. Desse total, 14,6%, ou 323 mil sacas, foram caf\u00e9s especiais, conforme dados do Conselho dos Exportadores de Caf\u00e9 do Brasil (<a href=\"https:\/\/www.canalrural.com.br\/tag\/cecafe\/\">Cecaf\u00e9<\/a>).<\/p>\n<p>No per\u00edodo de janeiro a agosto de 2025, os japoneses adquiriram 1,671 milh\u00e3o de sacas, consolidando-se como o quarto maior comprador do Brasil. Deste total, 15,9%, ou 265 mil sacas, foram de caf\u00e9s especiais.<\/p>\n<h3 class=\"wp-block-heading\" id=\"h-estrategia-diante-de-novos-desafios\">Estrat\u00e9gia diante de novos desafios<\/h3>\n<p>O diretor executivo da BSCA, Vinicius Estrela, afirmou que o momento \u00e9 estrat\u00e9gico para fortalecer parcerias comerciais. <\/p>\n<p>\u201cCom o tarifa\u00e7o imposto pelos Estados Unidos sobre o caf\u00e9 brasileiro, \u00e9 essencial ampliar o di\u00e1logo com novos e tradicionais compradores, como o Jap\u00e3o\u201d, destacou.<\/p>\n<\/p><\/div>\n<p><br \/>\n<br \/><a href=\"https:\/\/www.canalrural.com.br\/agricultura\/agronegocio\/cafe-setor-de-graos-especiais-pode-faturar-ate-us-70-mi-em-negocios-no-japao\/\">Source link <\/a><\/p>\n","protected":false},"excerpt":{"rendered":"<p>Produtores e exportadores brasileiros de caf\u00e9s especiais participaram de eventos no Jap\u00e3o que podem gerar at\u00e9 US$ 70,125 milh\u00f5es em<\/p>\n","protected":false},"author":1,"featured_media":14514,"comment_status":"open","ping_status":"open","sticky":false,"template":"","format":"standard","meta":{"_monsterinsights_skip_tracking":false,"_monsterinsights_sitenote_active":false,"_monsterinsights_sitenote_note":"","_monsterinsights_sitenote_category":0,"_uf_show_specific_survey":0,"_uf_disable_surveys":false,"footnotes":""},"categories":[1],"tags":[],"class_list":["post-21862","post","type-post","status-publish","format-standard","has-post-thumbnail","hentry","category-news"],"_links":{"self":[{"href":"https:\/\/agromt.news\/index.php?rest_route=\/wp\/v2\/posts\/21862"}],"collection":[{"href":"https:\/\/agromt.news\/index.php?rest_route=\/wp\/v2\/posts"}],"about":[{"href":"https:\/\/agromt.news\/index.php?rest_route=\/wp\/v2\/types\/post"}],"author":[{"embeddable":true,"href":"https:\/\/agromt.news\/index.php?rest_route=\/wp\/v2\/users\/1"}],"replies":[{"embeddable":true,"href":"https:\/\/agromt.news\/index.php?rest_route=%2Fwp%2Fv2%2Fcomments&post=21862"}],"version-history":[{"count":0,"href":"https:\/\/agromt.news\/index.php?rest_route=\/wp\/v2\/posts\/21862\/revisions"}],"wp:featuredmedia":[{"embeddable":true,"href":"https:\/\/agromt.news\/index.php?rest_route=\/wp\/v2\/media\/14514"}],"wp:attachment":[{"href":"https:\/\/agromt.news\/index.php?rest_route=%2Fwp%2Fv2%2Fmedia&parent=21862"}],"wp:term":[{"taxonomy":"category","embeddable":true,"href":"https:\/\/agromt.news\/index.php?rest_route=%2Fwp%2Fv2%2Fcategories&post=21862"},{"taxonomy":"post_tag","embeddable":true,"href":"https:\/\/agromt.news\/index.php?rest_route=%2Fwp%2Fv2%2Ftags&post=21862"}],"curies":[{"name":"wp","href":"https:\/\/api.w.org\/{rel}","templated":true}]}}