{"id":21860,"date":"2025-10-10T12:38:10","date_gmt":"2025-10-10T16:38:10","guid":{"rendered":"https:\/\/agromt.news\/?p=21860"},"modified":"2025-10-10T12:38:10","modified_gmt":"2025-10-10T16:38:10","slug":"em-mt-produtores-enfrentam-dificuldades-para-acessar-credito-no-inicio-do-plantio-de-soja","status":"publish","type":"post","link":"https:\/\/agromt.news\/?p=21860","title":{"rendered":"Em MT, produtores enfrentam dificuldades para acessar cr\u00e9dito no in\u00edcio do plantio de soja"},"content":{"rendered":"<p> <br \/>\n<br \/><img decoding=\"async\" src=\"https:\/\/agromt.news\/wp-content\/uploads\/2025\/10\/Em-MT-produtores-enfrentam-dificuldades-para-acessar-credito-no-inicio.jpeg\" \/><\/p>\n<div>\n<p>Com o in\u00edcio do plantio da safra 25\/26 em Mato Grosso, os efeitos do novo <a href=\"https:\/\/www.canalrural.com.br\/?s=Plano+Safra+\">Plano Safra <\/a>j\u00e1 s\u00e3o sentidos no campo. O programa reduziu a subven\u00e7\u00e3o ao cr\u00e9dito rural e elevou os juros, o que tem dificultado o acesso dos produtores a financiamentos em condi\u00e7\u00f5es vi\u00e1veis.<\/p>\n<ul class=\"wp-block-list\">\n<li><strong><em>Fique por dentro das novidades e not\u00edcias recentes sobre a soja! Participe da nossa comunidade atrav\u00e9s do\u00a0<a href=\"https:\/\/chat.whatsapp.com\/BmMRwA0TZ2DHGyhzoaVEWu\">link<\/a>! \ud83c\udf31<\/em><\/strong><\/li>\n<\/ul>\n<p>O cen\u00e1rio atual preocupa a Associa\u00e7\u00e3o dos Produtores de Soja e Milho de Mato Grosso (<a href=\"https:\/\/aprosoja.com.br\/\">Aprosoja MT<\/a>), que tem recebido relatos de agricultores com dificuldades para acessar as linhas de cr\u00e9dito anunciadas. De acordo com o diretor administrativo da entidade, Diego Bertuol, o volume recorde de recursos divulgado pelo Governo Federal n\u00e3o tem se traduzido em cr\u00e9dito real ao produtor.<\/p>\n<p>\u201dEsses recursos n\u00e3o t\u00eam chegado ao produtor rural. J\u00e1 estamos no in\u00edcio do plantio e muitos ainda n\u00e3o conseguiram realizar suas opera\u00e7\u00f5es banc\u00e1rias, nem mesmo para custeio. A situa\u00e7\u00e3o da armazenagem segue o mesmo caminho. Hoje, o setor precisa de linhas de cr\u00e9dito com juros menores que os anunciados pelo governo federal e com prazos de car\u00eancia que permitam ao produtor iniciar o pagamento ap\u00f3s a implementa\u00e7\u00e3o dos investimentos. No entanto, isso ainda n\u00e3o acontece\u201d, aponta Bertuol.<\/p>\n<h2 class=\"wp-block-heading\" id=\"h-producao-de-soja-em-mt\">Produ\u00e7\u00e3o de soja em MT <\/h2>\n<p>Em Mato Grosso, a produ\u00e7\u00e3o de soja deve ultrapassar 47 milh\u00f5es de toneladas na safra 2025\/26, mas o estado conta com apenas 53,4 milh\u00f5es de toneladas de capacidade est\u00e1tica, espa\u00e7o que tamb\u00e9m precisa atender ao milho, cuja produ\u00e7\u00e3o superou 54 milh\u00f5es de toneladas na \u00faltima safra. Somadas, as duas culturas exp\u00f5em um d\u00e9ficit superior a 52 milh\u00f5es de toneladas, segundo o Imea.<\/p>\n<p>A falta de cr\u00e9dito acess\u00edvel para constru\u00e7\u00e3o e amplia\u00e7\u00e3o de armaz\u00e9ns agrava os gargalos log\u00edsticos e reduz o poder de negocia\u00e7\u00e3o do produtor. Segundo o vice-presidente da Aprosoja-MT, Luiz Pedro Bier, o estado \u00e9 o mais afetado pela car\u00eancia de infraestrutura e pelos custos elevados de armazenagem, o que penaliza especialmente pequenos e m\u00e9dios produtores.<\/p>\n<p>O presidente da Aprosoja-MT, Lucas Costa Beber, alerta que o problema \u00e9 nacional e agravado pelos juros altos e pela limita\u00e7\u00e3o de cr\u00e9dito. Ele defende pol\u00edticas p\u00fablicas que incentivem a constru\u00e7\u00e3o de armaz\u00e9ns pr\u00f3prios e benef\u00edcios fiscais para ampliar a capacidade de estocagem.<\/p>\n<\/p><\/div>\n<p><br \/>\n<br \/><a href=\"https:\/\/www.canalrural.com.br\/agricultura\/projeto-soja-brasil\/em-mt-produtores-enfrentam-dificuldades-para-acessar-credito-no-inicio-do-plantio-da-soja\/\">Source link <\/a><\/p>\n","protected":false},"excerpt":{"rendered":"<p>Com o in\u00edcio do plantio da safra 25\/26 em Mato Grosso, os efeitos do novo Plano Safra j\u00e1 s\u00e3o sentidos<\/p>\n","protected":false},"author":1,"featured_media":21861,"comment_status":"open","ping_status":"open","sticky":false,"template":"","format":"standard","meta":{"_monsterinsights_skip_tracking":false,"_monsterinsights_sitenote_active":false,"_monsterinsights_sitenote_note":"","_monsterinsights_sitenote_category":0,"_uf_show_specific_survey":0,"_uf_disable_surveys":false,"footnotes":""},"categories":[1],"tags":[],"class_list":["post-21860","post","type-post","status-publish","format-standard","has-post-thumbnail","hentry","category-news"],"_links":{"self":[{"href":"https:\/\/agromt.news\/index.php?rest_route=\/wp\/v2\/posts\/21860"}],"collection":[{"href":"https:\/\/agromt.news\/index.php?rest_route=\/wp\/v2\/posts"}],"about":[{"href":"https:\/\/agromt.news\/index.php?rest_route=\/wp\/v2\/types\/post"}],"author":[{"embeddable":true,"href":"https:\/\/agromt.news\/index.php?rest_route=\/wp\/v2\/users\/1"}],"replies":[{"embeddable":true,"href":"https:\/\/agromt.news\/index.php?rest_route=%2Fwp%2Fv2%2Fcomments&post=21860"}],"version-history":[{"count":0,"href":"https:\/\/agromt.news\/index.php?rest_route=\/wp\/v2\/posts\/21860\/revisions"}],"wp:featuredmedia":[{"embeddable":true,"href":"https:\/\/agromt.news\/index.php?rest_route=\/wp\/v2\/media\/21861"}],"wp:attachment":[{"href":"https:\/\/agromt.news\/index.php?rest_route=%2Fwp%2Fv2%2Fmedia&parent=21860"}],"wp:term":[{"taxonomy":"category","embeddable":true,"href":"https:\/\/agromt.news\/index.php?rest_route=%2Fwp%2Fv2%2Fcategories&post=21860"},{"taxonomy":"post_tag","embeddable":true,"href":"https:\/\/agromt.news\/index.php?rest_route=%2Fwp%2Fv2%2Ftags&post=21860"}],"curies":[{"name":"wp","href":"https:\/\/api.w.org\/{rel}","templated":true}]}}