{"id":21859,"date":"2025-10-10T12:25:05","date_gmt":"2025-10-10T16:25:05","guid":{"rendered":"https:\/\/agromt.news\/?p=21859"},"modified":"2025-10-10T12:25:05","modified_gmt":"2025-10-10T16:25:05","slug":"fim-da-mp-1-303-coloca-governo-em-xeque-fiscal","status":"publish","type":"post","link":"https:\/\/agromt.news\/?p=21859","title":{"rendered":"Fim da MP 1.303 coloca governo em xeque fiscal"},"content":{"rendered":"<p> <br \/>\n<\/p>\n<div>\n<div class=\"row\">\n<div class=\"col-lg col-infos mt-0 mt-lg-0\">\n<div class=\"section-sub-title\">\n<p itemprop=\"description\">&#13;<br \/>\n                                \u201cA caducidade da medida representa um rombo estimado em R$ 17 bilh\u00f5es&#8221;&#13;\n                            <\/p>\n<\/p><\/div>\n<div class=\"container\">\n<div class=\"row\">\n<div class=\"col-lg p-0\">\n<div>\n<div class=\"block-news-main-infos mt-3 text-start\">\n<p>                                            <strong class=\"fn\" itemprop=\"author\" style=\"color: rgb(112, 112, 112); \">&#13;<br \/>\n                                                <a href=\"https:\/\/www.agrolink.com.br\/noticias\/javascript:;\" class=\"text-uppercase\" target=\"_blank\" style=\"color: rgb(112, 112, 112); \" rel=\"noopener\">Agrolink<\/a>&#13;<br \/>\n&#13;<br \/>\n                                                    &#8211; Leonardo Gottems&#13;<br \/>\n&#13;<br \/>\n                                            <\/strong><br \/>\n                                        <\/p>\n<p>                                            <abbr><time datetime=\"2025 - 10 - 10T10:33\" itemprop=\"datePublished dateModified\"> Publicado em 10\/10\/2025 \u00e0s 10:33h.<\/time><\/abbr>\n                                    <\/div>\n<\/p><\/div>\n<\/p><\/div>\n<div class=\"col-lg p-0 text-lg-end\">\n<div>\n<div id=\"mdEnviarPagina\" class=\"modal fade\" role=\"dialog\">\n<div class=\"modal-dialog\">\n<div class=\"modal-content\">\n<div class=\"modal-body\">\n<p><strong>Estimado usu\u00e1rio.<\/strong><br \/>Preencha o formul\u00e1rio abaixo para remeter a p\u00e1gina.<\/p>\n<\/p><\/div>\n<\/p><\/div>\n<\/p><\/div>\n<\/div><\/div>\n<\/p><\/div>\n<\/p><\/div>\n<\/p><\/div>\n<\/p><\/div>\n<\/p><\/div>\n<div class=\"row justify-content-md-center mt-3\">\n<div class=\"col-lg-auto col-image block-news-main-image\">\n<p>                                <img decoding=\"async\" src=\"https:\/\/www.agrolink.com.br\/upload\/imagens-resizes\/ba5ede3e9b5c4cba85c62cecb41a18d5_858x483.jpg\" class=\"lazyload img-fluid\" alt=\"\u201cA caducidade da medida representa um rombo estimado em R$ 17 bilh\u00f5es&quot;\"\/><br \/>\n                                                <span class=\"d-block mt-1\">\u201cA caducidade da medida representa um rombo estimado em R$ 17 bilh\u00f5es&#8221; &#8211; Foto: Canva<\/span><\/p><\/div>\n<\/p><\/div>\n<div class=\"section-description section-description-noticias mt-3\">\n<p>A caducidade da Medida Provis\u00f3ria n\u00ba 1.303, que previa a tributa\u00e7\u00e3o unificada de investimentos, apostas e rendas financeiras, reacendeu preocupa\u00e7\u00f5es sobre a previsibilidade fiscal e a autonomia do Executivo para criar tributos sem aprova\u00e7\u00e3o do Congresso. Segundo especialistas, a perda de validade mant\u00e9m em vigor as regras anteriores e pressiona o governo a buscar alternativas fiscais.&#13;\n<\/p>\n<p>Para o tributarista Carlos Crosara, do Natal &amp; Manssur Advogados, a MP \u201cdeixa de existir no mundo jur\u00eddico e de produzir efeitos a partir de sua caducidade, mas os atos praticados enquanto vigorava permanecem v\u00e1lidos\u201d. Ele esclarece que, diferentemente de uma declara\u00e7\u00e3o de inconstitucionalidade, os efeitos s\u00e3o ex nunc, sem direito autom\u00e1tico \u00e0 restitui\u00e7\u00e3o de tributos pagos.<\/p>\n<p>O advogado Marcelo Costa Censoni Filho, do Censoni Advogados Associados, destaca que a caducidade representa um rombo estimado em R$ 17 bilh\u00f5es na previs\u00e3o de arrecada\u00e7\u00e3o para 2026, mantendo integralmente o sistema anterior e sem aplica\u00e7\u00e3o das novas al\u00edquotas. Segundo ele, isso deve levar o governo a adotar medidas de conten\u00e7\u00e3o de gastos e elevar tributos como IOF e IPI por decreto.&#13;\n<\/p>\n<p>\u201cA caducidade da medida representa um rombo estimado em R$ 17 bilh\u00f5es na previs\u00e3o de arrecada\u00e7\u00e3o para 2026, o que deve levar o governo a adotar medidas de conten\u00e7\u00e3o de gastos e a elevar tributos como IOF e IPI por decreto\u201d, comenta.<\/p>\n<p>Lu\u00eds Garcia, do MLD Advogados Associados, refor\u00e7a que pagamentos realizados sob normas v\u00e1lidas produzem efeitos leg\u00edtimos e eficazes. Ele alerta que o governo pode recorrer a tributos regulat\u00f3rios e medidas sobre investimentos isentos, como LCI e LCA, mostrando o desafio de equilibrar ajuste fiscal e incentivo \u00e0 economia real.<br \/>&#13;<br \/>\n\u00a0<\/p>\n<\/p><\/div>\n<\/p><\/div>\n<p><script data-cfasync=\"false\">\n    !function (f, b, e, v, n, t, s) {\n        if (f.fbq) return; n = f.fbq = function () {\n            n.callMethod ?\n                n.callMethod.apply(n, arguments) : n.queue.push(arguments)\n        };\n        if (!f._fbq) f._fbq = n; n.push = n; n.loaded = !0; n.version = '2.0';\n        n.queue = []; t = b.createElement(e); t.async = !0;\n        t.src = v; s = b.getElementsByTagName(e)[0];\n        s.parentNode.insertBefore(t, s)\n    }(window, document, 'script',\n        'https:\/\/connect.facebook.net\/en_US\/fbevents.js');\n    fbq('init', '522546078623747');\n    fbq('track', 'PageView');\n<\/script><br \/>\n<br \/><br \/>\n<br \/><a href=\"https:\/\/www.agrolink.com.br\/noticias\/fim-da-mp-1-303-coloca-governo-em-xeque-fiscal_506840.html\">Source link <\/a><\/p>\n","protected":false},"excerpt":{"rendered":"<p>&#13; \u201cA caducidade da medida representa um rombo estimado em R$ 17 bilh\u00f5es&#8221;&#13; &#13; Agrolink&#13; &#13; &#8211; Leonardo Gottems&#13; &#13;<\/p>\n","protected":false},"author":1,"featured_media":4718,"comment_status":"open","ping_status":"open","sticky":false,"template":"","format":"standard","meta":{"_monsterinsights_skip_tracking":false,"_monsterinsights_sitenote_active":false,"_monsterinsights_sitenote_note":"","_monsterinsights_sitenote_category":0,"_uf_show_specific_survey":0,"_uf_disable_surveys":false,"footnotes":""},"categories":[8,1,14],"tags":[],"class_list":["post-21859","post","type-post","status-publish","format-standard","has-post-thumbnail","hentry","category-agro","category-news","category-politica-agro"],"_links":{"self":[{"href":"https:\/\/agromt.news\/index.php?rest_route=\/wp\/v2\/posts\/21859"}],"collection":[{"href":"https:\/\/agromt.news\/index.php?rest_route=\/wp\/v2\/posts"}],"about":[{"href":"https:\/\/agromt.news\/index.php?rest_route=\/wp\/v2\/types\/post"}],"author":[{"embeddable":true,"href":"https:\/\/agromt.news\/index.php?rest_route=\/wp\/v2\/users\/1"}],"replies":[{"embeddable":true,"href":"https:\/\/agromt.news\/index.php?rest_route=%2Fwp%2Fv2%2Fcomments&post=21859"}],"version-history":[{"count":0,"href":"https:\/\/agromt.news\/index.php?rest_route=\/wp\/v2\/posts\/21859\/revisions"}],"wp:featuredmedia":[{"embeddable":true,"href":"https:\/\/agromt.news\/index.php?rest_route=\/wp\/v2\/media\/4718"}],"wp:attachment":[{"href":"https:\/\/agromt.news\/index.php?rest_route=%2Fwp%2Fv2%2Fmedia&parent=21859"}],"wp:term":[{"taxonomy":"category","embeddable":true,"href":"https:\/\/agromt.news\/index.php?rest_route=%2Fwp%2Fv2%2Fcategories&post=21859"},{"taxonomy":"post_tag","embeddable":true,"href":"https:\/\/agromt.news\/index.php?rest_route=%2Fwp%2Fv2%2Ftags&post=21859"}],"curies":[{"name":"wp","href":"https:\/\/api.w.org\/{rel}","templated":true}]}}