{"id":21857,"date":"2025-10-10T12:21:06","date_gmt":"2025-10-10T16:21:06","guid":{"rendered":"https:\/\/agromt.news\/?p=21857"},"modified":"2025-10-10T12:21:06","modified_gmt":"2025-10-10T16:21:06","slug":"incendio-de-grandes-proporcoes-assusta-moradores-do-oeste-da-bahia","status":"publish","type":"post","link":"https:\/\/agromt.news\/?p=21857","title":{"rendered":"Inc\u00eandio de grandes propor\u00e7\u00f5es assusta moradores do Oeste da Bahia"},"content":{"rendered":"<p> <br \/>\n<\/p>\n<div>\n<p>O fogo que h\u00e1 dias tem causado estragos no Matopiba deixou os moradores de Barreiras, no Oeste da Bahia, assustados na noite desta quinta-feira (9). Um inc\u00eandio florestal de grandes propor\u00e7\u00f5es na Serra da Bandeira p\u00f4de ser visto de v\u00e1rios pontos da cidade.<\/p>\n<p>Ainda durante o dia, a fuma\u00e7a j\u00e1 anunciava o que poderia acontecer com o passar das horas. \u00c0 noite, ficou evidente a propor\u00e7\u00e3o do inc\u00eandio.<\/p>\n<p>De acordo com o Programa Queimadas do Instituto Nacional de Pesquisas Espaciais (Inpe), nos primeiros dez dias de outubro a Bahia registrou <strong>1.350 focos de queimadas<\/strong>.<\/p>\n<p>Barreiras est\u00e1 entre os 30 primeiros munic\u00edpios baianos com maior n\u00famero de focos, sendo que outros 11, s\u00e3o da regi\u00e3o Oeste. Riach\u00e3o das Neves tem o maior registro (181 focos), seguido de Barra (91 focos), Jaborandi (78 focos) e S\u00e3o Desid\u00e9rio (62 focos).<\/p>\n<p>Confira na lista abaixo os demais munic\u00edpios afetados:<\/p>\n<figure class=\"wp-block-image size-large\"><img fetchpriority=\"high\" decoding=\"async\" width=\"1024\" height=\"546\" src=\"https:\/\/agromt.news\/wp-content\/uploads\/2025\/10\/Incendio-de-grandes-proporcoes-assusta-moradores-do-Oeste-da-Bahia.png\" alt=\"focos queimadas, Bahia, outubro, inpe\" class=\"wp-image-4129164\"  \/><figcaption class=\"wp-element-caption\">Imagem: Inpe<\/figcaption><\/figure>\n<p>Nas redes sociais, v\u00eddeos do inc\u00eandio ganharam repercuss\u00e3o. \u201cTodos os anos a mesma coisa, faltando trabalho de conscientiza\u00e7\u00e3o, fiscaliza\u00e7\u00e3o efetiva e puni\u00e7\u00e3o\u201d, escreveu a internauta Fernanda Henn em uma publica\u00e7\u00e3o na p\u00e1gina Barreiras Desenvolvimento.<\/p>\n<p>Em nota, o 17\u00ba Batalh\u00e3o de Bombeiros Militar (17\u00ba BBM) informou que foi acionado \u00e0 noite para combater o inc\u00eandio em vegeta\u00e7\u00e3o que atingia a Serra da Bandeira, nas proximidades das torres de comunica\u00e7\u00e3o.<\/p>\n<p>De acordo com o Corpo de Bombeiros, o fogo se alastrava rapidamente pela vegeta\u00e7\u00e3o seca e representava risco \u00e0s estruturas instaladas no alto da serra.<\/p>\n<p>Diante da gravidade da situa\u00e7\u00e3o, uma viatura e um caminh\u00e3o de combate a inc\u00eandio foram deslocados para o local.<\/p>\n<figure class=\"wp-block-image size-large\"><img decoding=\"async\" width=\"1024\" height=\"574\" src=\"https:\/\/agromt.news\/wp-content\/uploads\/2025\/10\/1760113266_725_Incendio-de-grandes-proporcoes-assusta-moradores-do-Oeste-da-Bahia.png\" alt=\"\" class=\"wp-image-4129173\"  \/><\/figure>\n<p>O acesso foi realizado pela estrada do aeroporto, com o objetivo de impedir que as chamas alcan\u00e7assem o conjunto de torres.<\/p>\n<p>Al\u00e9m disso, a opera\u00e7\u00e3o contou com o apoio de brigadistas do Prevfogo, que atuaram de forma conjunta com os bombeiros. <\/p>\n<p>Gra\u00e7as ao trabalho intenso e coordenado das equipes, o inc\u00eandio foi controlado e as instala\u00e7\u00f5es foram preservadas.<\/p>\n<p><a href=\"https:\/\/www.canalrural.com.br\/nacional\/bahia\/incendio-florestal-atinge-area-proxima-de-aeroporto-regional\/\">Em 2024, a Serra da Bandeira tamb\u00e9m sofreu com queimadas<\/a>. No dia 30 de setembro, o fogo atingiu a vegeta\u00e7\u00e3o nas proximidades da pista do Aeroporto Regional de Barreiras.<\/p>\n<figure class=\"wp-block-embed is-type-rich is-provider-instagram wp-block-embed-instagram\">\n<p><iframe title=\"Instagram frame\" loading=\"lazy\" height=\"628\" class=\"instagram-embed-iframe\" src=\"https:\/\/www.instagram.com\/p\/DPoX3eDDow7\/embed\/\" allowtransparency=\"true\" frameborder=\"0\" scrolling=\"no\" onload=\"(function(o){window.instagramIframe = window.instagramIframe || []; window.instagramIframe.push(o);})(this)\" style=\"border: 0px; margin: 0 auto; max-width: 658px; width: calc(100% - 2px); border-radius: 4px; box-shadow: rgba(0, 0, 0, 0.498039) 0px 0px 1px 0px, rgba(0, 0, 0, 0.14902) 0px 1px 10px 0px; display: block; padding: 0px; background: rgb(255, 255, 255);\"><\/iframe><\/p>\n<\/figure>\n<h2 class=\"wp-block-heading\" id=\"h-conscientizacao\">Conscientiza\u00e7\u00e3o<\/h2>\n<p>As queimadas na regi\u00e3o Oeste da Bahia, assim como em todo o Matopiba, s\u00e3o um problema recorrente. Todos os anos, o fogo coloca em risco o Cerrado e todos que habitam um dos maiores biomas do pa\u00eds.<\/p>\n<p>Pelo terceiro ano consecutivo, o Canal Rural Bahia produziu a s\u00e9rie especial <a href=\"http:\/\/canalrural.com.br\/tag\/cerrado-sem-fogo-2025\">\u201cCerrado Sem Fogo\u201d<\/a>, com quatro reportagens especiais exibidas na programa\u00e7\u00e3o da TV e no programa Planeta Campo.<\/p>\n<p>Com o objetivo de alertar e cobrar as autoridades, o projeto promove tamb\u00e9m a preven\u00e7\u00e3o e a conscientiza\u00e7\u00e3o para evitar a destrui\u00e7\u00e3o do bioma pelo fogo.<\/p>\n<hr class=\"wp-block-separator has-alpha-channel-opacity\"\/>\n<p><em>Voc\u00ea tamb\u00e9m pode participar deixando uma sugest\u00e3o de pauta. Siga o\u00a0<a href=\"https:\/\/www.instagram.com\/canalruralbahia\/\">Canal Rural Bahia no Instagram<\/a>\u00a0e nos envie uma mensagem.<\/em><\/p>\n<\/p><\/div>\n<p><script async src=\"\/\/www.instagram.com\/embed.js\"><\/script><br \/>\n<br \/><br \/>\n<br \/><a href=\"https:\/\/www.canalrural.com.br\/nacional\/bahia\/incendio-de-grandes-proporcoes-assusta-moradores-do-oeste-da-bahia\/\">Source link <\/a><\/p>\n","protected":false},"excerpt":{"rendered":"<p>O fogo que h\u00e1 dias tem causado estragos no Matopiba deixou os moradores de Barreiras, no Oeste da Bahia, assustados<\/p>\n","protected":false},"author":1,"featured_media":21858,"comment_status":"open","ping_status":"open","sticky":false,"template":"","format":"standard","meta":{"_monsterinsights_skip_tracking":false,"_monsterinsights_sitenote_active":false,"_monsterinsights_sitenote_note":"","_monsterinsights_sitenote_category":0,"_uf_show_specific_survey":0,"_uf_disable_surveys":false,"footnotes":""},"categories":[1],"tags":[],"class_list":["post-21857","post","type-post","status-publish","format-standard","has-post-thumbnail","hentry","category-news"],"_links":{"self":[{"href":"https:\/\/agromt.news\/index.php?rest_route=\/wp\/v2\/posts\/21857"}],"collection":[{"href":"https:\/\/agromt.news\/index.php?rest_route=\/wp\/v2\/posts"}],"about":[{"href":"https:\/\/agromt.news\/index.php?rest_route=\/wp\/v2\/types\/post"}],"author":[{"embeddable":true,"href":"https:\/\/agromt.news\/index.php?rest_route=\/wp\/v2\/users\/1"}],"replies":[{"embeddable":true,"href":"https:\/\/agromt.news\/index.php?rest_route=%2Fwp%2Fv2%2Fcomments&post=21857"}],"version-history":[{"count":0,"href":"https:\/\/agromt.news\/index.php?rest_route=\/wp\/v2\/posts\/21857\/revisions"}],"wp:featuredmedia":[{"embeddable":true,"href":"https:\/\/agromt.news\/index.php?rest_route=\/wp\/v2\/media\/21858"}],"wp:attachment":[{"href":"https:\/\/agromt.news\/index.php?rest_route=%2Fwp%2Fv2%2Fmedia&parent=21857"}],"wp:term":[{"taxonomy":"category","embeddable":true,"href":"https:\/\/agromt.news\/index.php?rest_route=%2Fwp%2Fv2%2Fcategories&post=21857"},{"taxonomy":"post_tag","embeddable":true,"href":"https:\/\/agromt.news\/index.php?rest_route=%2Fwp%2Fv2%2Ftags&post=21857"}],"curies":[{"name":"wp","href":"https:\/\/api.w.org\/{rel}","templated":true}]}}