{"id":21856,"date":"2025-10-10T12:02:26","date_gmt":"2025-10-10T16:02:26","guid":{"rendered":"https:\/\/agromt.news\/?p=21856"},"modified":"2025-10-10T12:02:26","modified_gmt":"2025-10-10T16:02:26","slug":"la-nina-confirmado-em-2025-saiba-a-influencia-nas-chuvas-e-nas-temperaturas","status":"publish","type":"post","link":"https:\/\/agromt.news\/?p=21856","title":{"rendered":"La Ni\u00f1a confirmado em 2025; saiba a influ\u00eancia nas chuvas e nas temperaturas"},"content":{"rendered":"<p> <br \/>\n<br \/><img decoding=\"async\" src=\"https:\/\/agromt.news\/wp-content\/uploads\/2025\/06\/La-Nina-o-fenomeno-que-traz-seca-para-o-Sul.png\" \/><\/p>\n<div>\n<p>\u00c9 oficial: o La Ni\u00f1a, que influencia o regime de chuvas e temperaturas em todo o planeta, est\u00e1 confirmado neste ano. Conforme o relat\u00f3rio da <a href=\"https:\/\/www.canalrural.com.br\/tag\/noaa\/\">NOAA<\/a> (Administra\u00e7\u00e3o Nacional Oce\u00e2nica e Atmosf\u00e9rica dos Estados Unidos), o fen\u00f4meno clim\u00e1tico deve mudar o panorama clim\u00e1tico no Brasil at\u00e9 o ver\u00e3o de 2026. Por\u00e9m, os efeitos dele devem ser limitados.<\/p>\n<p>Isso porque o boletim, divulgado nesta quinta-feira (9), mostra que as \u00e1guas do Pac\u00edfico Equatorial Central est\u00e3o cerca de 0,5\u00b0C abaixo da m\u00e9dia, o que caracteriza um La Ni\u00f1a fraco. Al\u00e9m disso, h\u00e1 mais de 70% de probabilidade de o fen\u00f4meno continuar at\u00e9 fevereiro de 2026, com tend\u00eancia de enfraquecimento a partir do primeiro trimestre do ano que vem.<\/p>\n<p>De acordo com a NOAA, o La Ni\u00f1a \u00e9 causado pelo resfriamento das \u00e1guas do Pac\u00edfico, o que altera os padr\u00f5es de vento e circula\u00e7\u00e3o atmosf\u00e9rica.<\/p>\n<h3 class=\"wp-block-heading\" id=\"h-o-que-muda-com-o-la-nina\">O que muda com o La Ni\u00f1a?<\/h3>\n<p>Mesmo com intensidade considerada fraca, o fen\u00f4meno pode provocar chuvas mais regulares no Norte e Nordeste. Por outro lado, o La Ni\u00f1a causa per\u00edodos mais secos no Sul e temperaturas amenas no Centro-Oeste e Sudeste, conforme registros hist\u00f3ricos.<\/p>\n<p>\u201cMesmo um La Ni\u00f1a fraco pode influenciar o regime de chuvas e a temperatura no Brasil, especialmente entre novembro e fevereiro\u201d, explica Patr\u00edcia Cassoli, meteorologista da <a href=\"https:\/\/www.canalrural.com.br\/tag\/climatempo\/\">Climatempo<\/a>.<\/p>\n<p>Ainda segundo a Climatempo, nas regi\u00f5es onde o La Ni\u00f1a pode causar seca, h\u00e1 risco de estiagens em \u00e1reas agr\u00edcolas. Em algumas \u00e1reas do Pantanal e da Amaz\u00f4nia, entretanto, a redu\u00e7\u00e3o das chuvas pode aumentar a incid\u00eancia de inc\u00eandios. <\/p>\n<div data-icp-cta=\"1\" id=\"icp-cta-unique\">Voc\u00ea quer entender como usar o clima a seu favor?<b> <\/b><a href=\"https:\/\/climacampo.canalrural.com.br\/climacampo_-01\">Preparamos um e-book exclusivo<\/a> para ajudar produtores rurais a se antecipar \u00e0s mudan\u00e7as do tempo e planejar melhor suas a\u00e7\u00f5es. Com base em previs\u00f5es meteorol\u00f3gicas confi\u00e1veis, ele oferece orienta\u00e7\u00f5es pr\u00e1ticas para proteger sua lavoura e otimizar seus resultados.<\/div>\n<\/div>\n<p><br \/>\n<br \/><a href=\"https:\/\/www.canalrural.com.br\/tempo\/la-nina-confirmado-em-2025-saiba-a-influencia-nas-chuvas-e-nas-temperaturas\/\">Source link <\/a><\/p>\n","protected":false},"excerpt":{"rendered":"<p>\u00c9 oficial: o La Ni\u00f1a, que influencia o regime de chuvas e temperaturas em todo o planeta, est\u00e1 confirmado neste<\/p>\n","protected":false},"author":1,"featured_media":15912,"comment_status":"open","ping_status":"open","sticky":false,"template":"","format":"standard","meta":{"_monsterinsights_skip_tracking":false,"_monsterinsights_sitenote_active":false,"_monsterinsights_sitenote_note":"","_monsterinsights_sitenote_category":0,"_uf_show_specific_survey":0,"_uf_disable_surveys":false,"footnotes":""},"categories":[1],"tags":[],"class_list":["post-21856","post","type-post","status-publish","format-standard","has-post-thumbnail","hentry","category-news"],"_links":{"self":[{"href":"https:\/\/agromt.news\/index.php?rest_route=\/wp\/v2\/posts\/21856"}],"collection":[{"href":"https:\/\/agromt.news\/index.php?rest_route=\/wp\/v2\/posts"}],"about":[{"href":"https:\/\/agromt.news\/index.php?rest_route=\/wp\/v2\/types\/post"}],"author":[{"embeddable":true,"href":"https:\/\/agromt.news\/index.php?rest_route=\/wp\/v2\/users\/1"}],"replies":[{"embeddable":true,"href":"https:\/\/agromt.news\/index.php?rest_route=%2Fwp%2Fv2%2Fcomments&post=21856"}],"version-history":[{"count":0,"href":"https:\/\/agromt.news\/index.php?rest_route=\/wp\/v2\/posts\/21856\/revisions"}],"wp:featuredmedia":[{"embeddable":true,"href":"https:\/\/agromt.news\/index.php?rest_route=\/wp\/v2\/media\/15912"}],"wp:attachment":[{"href":"https:\/\/agromt.news\/index.php?rest_route=%2Fwp%2Fv2%2Fmedia&parent=21856"}],"wp:term":[{"taxonomy":"category","embeddable":true,"href":"https:\/\/agromt.news\/index.php?rest_route=%2Fwp%2Fv2%2Fcategories&post=21856"},{"taxonomy":"post_tag","embeddable":true,"href":"https:\/\/agromt.news\/index.php?rest_route=%2Fwp%2Fv2%2Ftags&post=21856"}],"curies":[{"name":"wp","href":"https:\/\/api.w.org\/{rel}","templated":true}]}}