{"id":21847,"date":"2025-10-10T08:49:29","date_gmt":"2025-10-10T12:49:29","guid":{"rendered":"https:\/\/agromt.news\/?p=21847"},"modified":"2025-10-10T08:49:29","modified_gmt":"2025-10-10T12:49:29","slug":"exportacoes-de-suco-de-laranja-caem-17-no-inicio-da-safra-2025-26-aponta-citrusbr","status":"publish","type":"post","link":"https:\/\/agromt.news\/?p=21847","title":{"rendered":"Exporta\u00e7\u00f5es de suco de laranja caem 17% no in\u00edcio da safra 2025\/26, aponta CitrusBR"},"content":{"rendered":"<p> <br \/>\n<br \/><img decoding=\"async\" src=\"https:\/\/agromt.news\/wp-content\/uploads\/2025\/05\/Laranja-tem-previsao-de-alta-para-safra-202526.jpg\" \/><\/p>\n<div>\n<p>As exporta\u00e7\u00f5es brasileiras de suco de laranja come\u00e7aram a safra 2025\/26 em queda. Entre julho e setembro, per\u00edodo que marca o primeiro trimestre do ciclo, o pa\u00eds faturou US$ 713,6 milh\u00f5es, o que representa uma redu\u00e7\u00e3o de 17,6% em rela\u00e7\u00e3o ao mesmo per\u00edodo da safra anterior, segundo levantamento da Associa\u00e7\u00e3o Nacional dos Exportadores de Sucos C\u00edtricos (CitrusBR).<\/p>\n<p>Em volume, os embarques somaram 189,2 mil toneladas de FCOJ equivalente (suco concentrado congelado a 66\u00ba Brix), queda de 4,4% na compara\u00e7\u00e3o anual.<\/p>\n<p>Segundo o diretor-executivo da CitrusBR, Ibiapaba Netto, o desempenho reflete um in\u00edcio de safra at\u00edpico, marcado por colheita atrasada e exig\u00eancia de maior qualidade da fruta. Dados do Fundecitrus mostram que, at\u00e9 meados de agosto, apenas 25% da safra havia sido colhida, contra cerca de 50% no mesmo per\u00edodo do ano passado. \u201cO clima mais frio atrasou a matura\u00e7\u00e3o dos frutos e retardou o in\u00edcio da colheita\u201d, explica Netto.<\/p>\n<p>Ele acrescenta que a busca por frutas com matura\u00e7\u00e3o ideal tamb\u00e9m tem reduzido o ritmo de processamento e, consequentemente, das exporta\u00e7\u00f5es.<\/p>\n<h2 class=\"wp-block-heading\" id=\"h-estados-unidos-ampliam-importacoes-e-lideram-compras\">Estados Unidos ampliam importa\u00e7\u00f5es e lideram compras<\/h2>\n<p>Mesmo com o recuo geral, os Estados Unidos ampliaram as compras de suco de laranja brasileiro. No primeiro trimestre da safra 2025\/26, o pa\u00eds importou 92,7 mil toneladas, um aumento de 37,7% em rela\u00e7\u00e3o ao mesmo per\u00edodo anterior, somando US$ 310,2 milh\u00f5es (+17,3%).<\/p>\n<p>As vendas aos EUA,<a href=\"https:\/\/www.canalrural.com.br\/economia\/suco-de-laranja-e-castanhas-nao-serao-taxados-por-trump\/\"> isentas da tarifa adicional de 40%<\/a>, responderam por 49% de todas as exporta\u00e7\u00f5es brasileiras, consolidando o pa\u00eds como principal destino do produto.<\/p>\n<h2 class=\"wp-block-heading\" id=\"h-europa-reduz-consumo-e-preocupa-setor\">Europa reduz consumo e preocupa setor<\/h2>\n<p>A Europa manteve-se como o segundo principal mercado, com 47,8% de participa\u00e7\u00e3o, mas registrou queda de 22,8% em volume e 31% em receita. O bloco importou 88,9 mil toneladas, totalizando US$ 363,4 milh\u00f5es no per\u00edodo.<\/p>\n<p>De acordo com Netto, o mercado europeu segue como o maior desafio. \u201cOs altos pre\u00e7os da safra passada e os problemas de qualidade decorrentes do clima impactaram o consumo, e muitos consumidores migraram para outros produtos\u201d, diz.<\/p>\n<p>O executivo participou do Juice Summit, realizado na B\u00e9lgica, onde destacou a necessidade de reconquistar parte dos consumidores europeus.<\/p>\n<h2 class=\"wp-block-heading\" id=\"h-queda-nas-vendas-para-china-e-japao\">Queda nas vendas para China e Jap\u00e3o<\/h2>\n<p>Na \u00c1sia, o desempenho tamb\u00e9m foi negativo. A China adquiriu 3,4 mil toneladas (\u201344%) e US$ 18,9 milh\u00f5es (\u201333,7%), enquanto o Jap\u00e3o reduziu suas compras para 1,6 mil toneladas (\u201368,7%) e US$ 9,4 milh\u00f5es (\u201362,5%).<\/p>\n<p>Outros mercados, reunidos na categoria \u201cOutros\u201d, somaram 2,6 mil toneladas e US$ 11,7 milh\u00f5es, representando retra\u00e7\u00e3o de 36,6% em volume e 43,8% em valor.<\/p>\n<\/p><\/div>\n<p><br \/>\n<br \/><a href=\"https:\/\/www.canalrural.com.br\/agricultura\/laranja\/exportacoes-de-suco-de-laranja-caem-17-no-inicio-da-safra-2025-26-aponta-citrusbr\/\">Source link <\/a><\/p>\n","protected":false},"excerpt":{"rendered":"<p>As exporta\u00e7\u00f5es brasileiras de suco de laranja come\u00e7aram a safra 2025\/26 em queda. Entre julho e setembro, per\u00edodo que marca<\/p>\n","protected":false},"author":1,"featured_media":13812,"comment_status":"open","ping_status":"open","sticky":false,"template":"","format":"standard","meta":{"_monsterinsights_skip_tracking":false,"_monsterinsights_sitenote_active":false,"_monsterinsights_sitenote_note":"","_monsterinsights_sitenote_category":0,"_uf_show_specific_survey":0,"_uf_disable_surveys":false,"footnotes":""},"categories":[1],"tags":[],"class_list":["post-21847","post","type-post","status-publish","format-standard","has-post-thumbnail","hentry","category-news"],"_links":{"self":[{"href":"https:\/\/agromt.news\/index.php?rest_route=\/wp\/v2\/posts\/21847"}],"collection":[{"href":"https:\/\/agromt.news\/index.php?rest_route=\/wp\/v2\/posts"}],"about":[{"href":"https:\/\/agromt.news\/index.php?rest_route=\/wp\/v2\/types\/post"}],"author":[{"embeddable":true,"href":"https:\/\/agromt.news\/index.php?rest_route=\/wp\/v2\/users\/1"}],"replies":[{"embeddable":true,"href":"https:\/\/agromt.news\/index.php?rest_route=%2Fwp%2Fv2%2Fcomments&post=21847"}],"version-history":[{"count":0,"href":"https:\/\/agromt.news\/index.php?rest_route=\/wp\/v2\/posts\/21847\/revisions"}],"wp:featuredmedia":[{"embeddable":true,"href":"https:\/\/agromt.news\/index.php?rest_route=\/wp\/v2\/media\/13812"}],"wp:attachment":[{"href":"https:\/\/agromt.news\/index.php?rest_route=%2Fwp%2Fv2%2Fmedia&parent=21847"}],"wp:term":[{"taxonomy":"category","embeddable":true,"href":"https:\/\/agromt.news\/index.php?rest_route=%2Fwp%2Fv2%2Fcategories&post=21847"},{"taxonomy":"post_tag","embeddable":true,"href":"https:\/\/agromt.news\/index.php?rest_route=%2Fwp%2Fv2%2Ftags&post=21847"}],"curies":[{"name":"wp","href":"https:\/\/api.w.org\/{rel}","templated":true}]}}