{"id":21840,"date":"2025-10-10T06:26:03","date_gmt":"2025-10-10T10:26:03","guid":{"rendered":"https:\/\/agromt.news\/?p=21840"},"modified":"2025-10-10T06:26:03","modified_gmt":"2025-10-10T10:26:03","slug":"chuva-atrasa-plantio-e-limita-oferta-de-arroz-no-rs","status":"publish","type":"post","link":"https:\/\/agromt.news\/?p=21840","title":{"rendered":"Chuva atrasa plantio e limita oferta de arroz no RS"},"content":{"rendered":"<p> <br \/>\n<\/p>\n<div>\n<div class=\"row\">\n<div class=\"col-lg col-infos mt-0 mt-lg-0\">\n<div class=\"section-sub-title\">\n<p itemprop=\"description\">&#13;<br \/>\n                                Oferta de arroz em casca segue limitada no Rio Grande do Sul&#13;\n                            <\/p>\n<\/p><\/div>\n<div class=\"container\">\n<div class=\"row\">\n<div class=\"col-lg p-0\">\n<div>\n<div class=\"block-news-main-infos mt-3 text-start\">\n<p>                                            <strong class=\"fn\" itemprop=\"author\" style=\"color: rgb(112, 112, 112); \">&#13;<br \/>\n                                                <a href=\"https:\/\/www.agrolink.com.br\/noticias\/javascript:;\" class=\"text-uppercase\" target=\"_blank\" style=\"color: rgb(112, 112, 112); \" rel=\"noopener\">Agrolink<\/a>&#13;<br \/>\n&#13;<br \/>\n                                                    &#8211; Aline Merladete&#13;<br \/>\n&#13;<br \/>\n                                            <\/strong><br \/>\n                                        <\/p>\n<p>                                            <abbr><time datetime=\"2025 - 10 - 08T16:36\" itemprop=\"datePublished dateModified\"> Publicado em 08\/10\/2025 \u00e0s 16:36h.<\/time><\/abbr>\n                                    <\/div>\n<\/p><\/div>\n<\/p><\/div>\n<div class=\"col-lg p-0 text-lg-end\">\n<div>\n<div id=\"mdEnviarPagina\" class=\"modal fade\" role=\"dialog\">\n<div class=\"modal-dialog\">\n<div class=\"modal-content\">\n<div class=\"modal-body\">\n<p><strong>Estimado usu\u00e1rio.<\/strong><br \/>Preencha o formul\u00e1rio abaixo para remeter a p\u00e1gina.<\/p>\n<\/p><\/div>\n<\/p><\/div>\n<\/p><\/div>\n<\/div><\/div>\n<\/p><\/div>\n<\/p><\/div>\n<\/p><\/div>\n<\/p><\/div>\n<\/p><\/div>\n<div class=\"row justify-content-md-center mt-3\">\n<div class=\"col-lg-auto col-image block-news-main-image\">\n<p>                                <img decoding=\"async\" src=\"https:\/\/www.agrolink.com.br\/upload\/imagens-resizes\/45686f556c12424f9621e485314c7140_858x483.jpg\" class=\"lazyload img-fluid\"\/><br \/>\n                                                <span class=\"publicity-photo d-block mt-1\">Foto: Nadia Borges<\/span><\/p><\/div>\n<\/p><\/div>\n<div class=\"section-description section-description-noticias mt-3\">\n<p style=\"text-align:justify\">Com foco na semeadura da safra 2025\/26, a oferta de <a href=\"https:\/\/www.agrolink.com.br\/culturas\/arroz\/?utm_source=agrolink-detalhe-noticia&amp;utm_medium=detalhe-noticia&amp;utm_campaign=links-internos\" target=\"_blank\" rel=\"noopener\">arroz<\/a> em casca segue limitada no Rio Grande do Sul, segundo levantamento do Cepea. A situa\u00e7\u00e3o se agravou nas \u00faltimas semanas devido \u00e0s chuvas intensas que atingiram o estado, comprometendo o cronograma de plantio em diversas microrregi\u00f5es.&#13;\n<\/p>\n<p style=\"text-align:justify\">O impacto clim\u00e1tico gerou um alerta entre orizicultores e agentes do setor. Com o solo encharcado e \u00e1reas alagadas, o plantio enfrenta atrasos significativos, o que pode comprometer a janela ideal da safra. O RS responde por cerca de 70% da produ\u00e7\u00e3o nacional de arroz.&#13;\n<\/p>\n<p style=\"text-align:justify\">Apesar da menor oferta da mat\u00e9ria-prima, compradores do arroz beneficiado relatam dificuldades na comercializa\u00e7\u00e3o do produto final. Os pre\u00e7os do arroz industrializado encontram resist\u00eancia no mercado, limitando reajustes na aquisi\u00e7\u00e3o do arroz em casca.\u00a0Colaboradores consultados pelo Cepea indicam que os lotes negociados recentemente representam menos da metade do volume usualmente comprado, evidenciando um mercado desaquecido na ponta final da cadeia.&#13;\n<\/p>\n<p style=\"text-align:justify\">O cen\u00e1rio refor\u00e7a o desafio de equil\u00edbrio entre produ\u00e7\u00e3o e demanda. De um lado, produtores lidam com incertezas clim\u00e1ticas e dificuldades operacionais; de outro, a ind\u00fastria enfrenta estoques elevados e baixa liquidez.<\/p>\n<p style=\"text-align:justify\">Se as chuvas persistirem e comprometerem ainda mais o avan\u00e7o da semeadura, o abastecimento futuro pode ser afetado, aumentando a press\u00e3o sobre os pre\u00e7os no in\u00edcio de 2026.\u00a0<br \/>&#13;<br \/>\n\u00a0<\/p>\n<\/p><\/div>\n<\/p><\/div>\n<p><script data-cfasync=\"false\">\n    !function (f, b, e, v, n, t, s) {\n        if (f.fbq) return; n = f.fbq = function () {\n            n.callMethod ?\n                n.callMethod.apply(n, arguments) : n.queue.push(arguments)\n        };\n        if (!f._fbq) f._fbq = n; n.push = n; n.loaded = !0; n.version = '2.0';\n        n.queue = []; t = b.createElement(e); t.async = !0;\n        t.src = v; s = b.getElementsByTagName(e)[0];\n        s.parentNode.insertBefore(t, s)\n    }(window, document, 'script',\n        'https:\/\/connect.facebook.net\/en_US\/fbevents.js');\n    fbq('init', '522546078623747');\n    fbq('track', 'PageView');\n<\/script><br \/>\n<br \/><br \/>\n<br \/><a href=\"https:\/\/www.agrolink.com.br\/noticias\/chuva-atrasa-plantio-e-limita-oferta-de-arroz-no-rs_506758.html\">Source link <\/a><\/p>\n","protected":false},"excerpt":{"rendered":"<p>&#13; Oferta de arroz em casca segue limitada no Rio Grande do Sul&#13; &#13; Agrolink&#13; &#13; &#8211; Aline Merladete&#13; &#13;<\/p>\n","protected":false},"author":1,"featured_media":6387,"comment_status":"open","ping_status":"open","sticky":false,"template":"","format":"standard","meta":{"_monsterinsights_skip_tracking":false,"_monsterinsights_sitenote_active":false,"_monsterinsights_sitenote_note":"","_monsterinsights_sitenote_category":0,"_uf_show_specific_survey":0,"_uf_disable_surveys":false,"footnotes":""},"categories":[8,1,14],"tags":[],"class_list":["post-21840","post","type-post","status-publish","format-standard","has-post-thumbnail","hentry","category-agro","category-news","category-politica-agro"],"_links":{"self":[{"href":"https:\/\/agromt.news\/index.php?rest_route=\/wp\/v2\/posts\/21840"}],"collection":[{"href":"https:\/\/agromt.news\/index.php?rest_route=\/wp\/v2\/posts"}],"about":[{"href":"https:\/\/agromt.news\/index.php?rest_route=\/wp\/v2\/types\/post"}],"author":[{"embeddable":true,"href":"https:\/\/agromt.news\/index.php?rest_route=\/wp\/v2\/users\/1"}],"replies":[{"embeddable":true,"href":"https:\/\/agromt.news\/index.php?rest_route=%2Fwp%2Fv2%2Fcomments&post=21840"}],"version-history":[{"count":0,"href":"https:\/\/agromt.news\/index.php?rest_route=\/wp\/v2\/posts\/21840\/revisions"}],"wp:featuredmedia":[{"embeddable":true,"href":"https:\/\/agromt.news\/index.php?rest_route=\/wp\/v2\/media\/6387"}],"wp:attachment":[{"href":"https:\/\/agromt.news\/index.php?rest_route=%2Fwp%2Fv2%2Fmedia&parent=21840"}],"wp:term":[{"taxonomy":"category","embeddable":true,"href":"https:\/\/agromt.news\/index.php?rest_route=%2Fwp%2Fv2%2Fcategories&post=21840"},{"taxonomy":"post_tag","embeddable":true,"href":"https:\/\/agromt.news\/index.php?rest_route=%2Fwp%2Fv2%2Ftags&post=21840"}],"curies":[{"name":"wp","href":"https:\/\/api.w.org\/{rel}","templated":true}]}}