{"id":21837,"date":"2025-10-10T04:28:28","date_gmt":"2025-10-10T08:28:28","guid":{"rendered":"https:\/\/agromt.news\/?p=21837"},"modified":"2025-10-10T04:28:28","modified_gmt":"2025-10-10T08:28:28","slug":"algodao-inicia-outubro-em-queda-e-atinge-menor-preco-em-dois-anos","status":"publish","type":"post","link":"https:\/\/agromt.news\/?p=21837","title":{"rendered":"Algod\u00e3o inicia outubro em queda e atinge menor pre\u00e7o em dois anos"},"content":{"rendered":"<p> <br \/>\n<\/p>\n<div>\n<div class=\"row\">\n<div class=\"col-lg col-infos mt-0 mt-lg-0\">\n<div class=\"section-sub-title\">\n<p itemprop=\"description\">&#13;<br \/>\n                                Entre os principais vetores da queda est\u00e1 a baixa paridade de exporta\u00e7\u00e3o&#13;\n                            <\/p>\n<\/p><\/div>\n<div class=\"container\">\n<div class=\"row\">\n<div class=\"col-lg p-0\">\n<div>\n<div class=\"block-news-main-infos mt-3 text-start\">\n<p>                                            <strong class=\"fn\" itemprop=\"author\" style=\"color: rgb(112, 112, 112); \">&#13;<br \/>\n                                                <a href=\"https:\/\/www.agrolink.com.br\/noticias\/javascript:;\" class=\"text-uppercase\" target=\"_blank\" style=\"color: rgb(112, 112, 112); \" rel=\"noopener\">Agrolink<\/a>&#13;<br \/>\n&#13;<br \/>\n                                                    &#8211; Aline Merladete&#13;<br \/>\n&#13;<br \/>\n                                            <\/strong><br \/>\n                                        <\/p>\n<p>                                            <abbr><time datetime=\"2025 - 10 - 08T16:43\" itemprop=\"datePublished dateModified\"> Publicado em 08\/10\/2025 \u00e0s 16:43h.<\/time><\/abbr>\n                                    <\/div>\n<\/p><\/div>\n<\/p><\/div>\n<div class=\"col-lg p-0 text-lg-end\">\n<div>\n<div id=\"mdEnviarPagina\" class=\"modal fade\" role=\"dialog\">\n<div class=\"modal-dialog\">\n<div class=\"modal-content\">\n<div class=\"modal-body\">\n<p><strong>Estimado usu\u00e1rio.<\/strong><br \/>Preencha o formul\u00e1rio abaixo para remeter a p\u00e1gina.<\/p>\n<\/p><\/div>\n<\/p><\/div>\n<\/p><\/div>\n<\/div><\/div>\n<\/p><\/div>\n<\/p><\/div>\n<\/p><\/div>\n<\/p><\/div>\n<\/p><\/div>\n<div class=\"row justify-content-md-center mt-3\">\n<div class=\"col-lg-auto col-image block-news-main-image\">\n<p>                                <img decoding=\"async\" src=\"https:\/\/www.agrolink.com.br\/upload\/imagens-resizes\/adfe2ca8273b42708e91ea234f4539a8_858x483.jpg\" class=\"lazyload img-fluid\"\/><br \/>\n                                                <span class=\"publicity-photo d-block mt-1\">Foto: Pixabay<\/span><\/p><\/div>\n<\/p><\/div>\n<div class=\"section-description section-description-noticias mt-3\">\n<p style=\"text-align:justify\">Os pre\u00e7os do <a href=\"https:\/\/www.agrolink.com.br\/culturas\/algodao\/\" target=\"_blank\" rel=\"noopener\">algod\u00e3o<\/a> em pluma abriram outubro em forte retra\u00e7\u00e3o, segundo o Cepea. No dia 3, a cota\u00e7\u00e3o dom\u00e9stica atingiu o menor patamar em mais de dois anos, influenciada por fatores internacionais e dom\u00e9sticos.\u00a0Entre os principais vetores da queda est\u00e1 a baixa paridade de exporta\u00e7\u00e3o, que recuou ao menor valor nominal desde dezembro de 2020. A desvaloriza\u00e7\u00e3o do d\u00f3lar frente ao real agrava a competitividade externa da pluma brasileira, pressionando o mercado interno.&#13;\n<\/p>\n<p style=\"text-align:justify\">Al\u00e9m disso, os estoques globais elevados contribuem para um cen\u00e1rio de oferta abundante. No Brasil, a colheita recorde da \u00faltima safra come\u00e7a a ser comercializada com mais intensidade no spot, aumentando a disponibilidade e impactando as cota\u00e7\u00f5es.<\/p>\n<p style=\"text-align:justify\">Diante desse contexto, parte dos vendedores opta por reduzir os pre\u00e7os para viabilizar neg\u00f3cios, fazer caixa ou liquidar estoques espec\u00edficos. Ainda assim, a demanda permanece contida, refletindo cautela na reposi\u00e7\u00e3o por parte das ind\u00fastrias.<\/p>\n<p style=\"text-align:justify\">A combina\u00e7\u00e3o de oferta elevada, baixa atratividade exportadora e consumo interno retra\u00eddo cria um ambiente desafiador para o setor algodoeiro. Os pr\u00f3ximos movimentos depender\u00e3o da recupera\u00e7\u00e3o do d\u00f3lar e do apetite da ind\u00fastria nacional.\u00a0Com a proximidade do per\u00edodo de planejamento da nova safra, o comportamento dos pre\u00e7os nas pr\u00f3ximas semanas ser\u00e1 decisivo para as decis\u00f5es de plantio e comercializa\u00e7\u00e3o do ciclo 2025\/26.&#13;\n<\/p>\n<\/p><\/div>\n<\/p><\/div>\n<p><script data-cfasync=\"false\">\n    !function (f, b, e, v, n, t, s) {\n        if (f.fbq) return; n = f.fbq = function () {\n            n.callMethod ?\n                n.callMethod.apply(n, arguments) : n.queue.push(arguments)\n        };\n        if (!f._fbq) f._fbq = n; n.push = n; n.loaded = !0; n.version = '2.0';\n        n.queue = []; t = b.createElement(e); t.async = !0;\n        t.src = v; s = b.getElementsByTagName(e)[0];\n        s.parentNode.insertBefore(t, s)\n    }(window, document, 'script',\n        'https:\/\/connect.facebook.net\/en_US\/fbevents.js');\n    fbq('init', '522546078623747');\n    fbq('track', 'PageView');\n<\/script><br \/>\n<br \/><br \/>\n<br \/><a href=\"https:\/\/www.agrolink.com.br\/noticias\/algodao-inicia-outubro-em-queda-e-atinge-menor-preco-em-dois-anos_506760.html\">Source link <\/a><\/p>\n","protected":false},"excerpt":{"rendered":"<p>&#13; Entre os principais vetores da queda est\u00e1 a baixa paridade de exporta\u00e7\u00e3o&#13; &#13; Agrolink&#13; &#13; &#8211; Aline Merladete&#13; &#13;<\/p>\n","protected":false},"author":1,"featured_media":6737,"comment_status":"open","ping_status":"open","sticky":false,"template":"","format":"standard","meta":{"_monsterinsights_skip_tracking":false,"_monsterinsights_sitenote_active":false,"_monsterinsights_sitenote_note":"","_monsterinsights_sitenote_category":0,"_uf_show_specific_survey":0,"_uf_disable_surveys":false,"footnotes":""},"categories":[8,1,14],"tags":[],"class_list":["post-21837","post","type-post","status-publish","format-standard","has-post-thumbnail","hentry","category-agro","category-news","category-politica-agro"],"_links":{"self":[{"href":"https:\/\/agromt.news\/index.php?rest_route=\/wp\/v2\/posts\/21837"}],"collection":[{"href":"https:\/\/agromt.news\/index.php?rest_route=\/wp\/v2\/posts"}],"about":[{"href":"https:\/\/agromt.news\/index.php?rest_route=\/wp\/v2\/types\/post"}],"author":[{"embeddable":true,"href":"https:\/\/agromt.news\/index.php?rest_route=\/wp\/v2\/users\/1"}],"replies":[{"embeddable":true,"href":"https:\/\/agromt.news\/index.php?rest_route=%2Fwp%2Fv2%2Fcomments&post=21837"}],"version-history":[{"count":0,"href":"https:\/\/agromt.news\/index.php?rest_route=\/wp\/v2\/posts\/21837\/revisions"}],"wp:featuredmedia":[{"embeddable":true,"href":"https:\/\/agromt.news\/index.php?rest_route=\/wp\/v2\/media\/6737"}],"wp:attachment":[{"href":"https:\/\/agromt.news\/index.php?rest_route=%2Fwp%2Fv2%2Fmedia&parent=21837"}],"wp:term":[{"taxonomy":"category","embeddable":true,"href":"https:\/\/agromt.news\/index.php?rest_route=%2Fwp%2Fv2%2Fcategories&post=21837"},{"taxonomy":"post_tag","embeddable":true,"href":"https:\/\/agromt.news\/index.php?rest_route=%2Fwp%2Fv2%2Ftags&post=21837"}],"curies":[{"name":"wp","href":"https:\/\/api.w.org\/{rel}","templated":true}]}}