{"id":21836,"date":"2025-10-10T02:30:01","date_gmt":"2025-10-10T06:30:01","guid":{"rendered":"https:\/\/agromt.news\/?p=21836"},"modified":"2025-10-10T02:30:01","modified_gmt":"2025-10-10T06:30:01","slug":"producao-de-citros-cresce-172-em-minas-gerais","status":"publish","type":"post","link":"https:\/\/agromt.news\/?p=21836","title":{"rendered":"Produ\u00e7\u00e3o de citros cresce 17,2% em Minas Gerais"},"content":{"rendered":"<p> <br \/>\n<\/p>\n<div>\n<p style=\"text-align:justify\">A cadeia produtiva de citros segue em expans\u00e3o em Minas Gerais, mesmo diante de um cen\u00e1rio de desafios para o setor no mundo. Dados da Secretaria de Estado da Agricultura, Pecu\u00e1ria e Abastecimento apontam que, entre janeiro e agosto de 2025, a produ\u00e7\u00e3o total alcan\u00e7ou 1,48 milh\u00e3o de toneladas, crescimento de 17,2% em rela\u00e7\u00e3o ao mesmo per\u00edodo de 2024. A produtividade m\u00e9dia estadual foi de 24,37 toneladas por hectare, em uma \u00e1rea de 85.198,45 hectares cultivados.&#13;\n<\/p>\n<p style=\"text-align:justify\">A laranja continua como principal cultura da citricultura estadual. De acordo com o levantamento, responde por 90,3% da produ\u00e7\u00e3o, somando 1,13 milh\u00e3o de toneladas no per\u00edodo, com aumento de 21% na compara\u00e7\u00e3o anual.<\/p>\n<p style=\"text-align:justify\">O controle sanit\u00e1rio das lavouras tem sido uma das frentes de atua\u00e7\u00e3o do Instituto Mineiro de Agropecu\u00e1ria, que acompanha os pomares desde os primeiros registros da doen\u00e7a no Estado, h\u00e1 cerca de duas d\u00e9cadas. Em 2024, foram monitoradas 409 planta\u00e7\u00f5es, emitidas 773 autoriza\u00e7\u00f5es para entrada de mudas e realizadas 1.742 fiscaliza\u00e7\u00f5es em propriedades rurais. A institui\u00e7\u00e3o tamb\u00e9m mant\u00e9m o programa Viva Citros, voltado \u00e0 educa\u00e7\u00e3o e preven\u00e7\u00e3o.<\/p>\n<p style=\"text-align:justify\">Os munic\u00edpios de Comendador Gomes e Prata lideram a produ\u00e7\u00e3o de <a href=\"https:\/\/www.agrolink.com.br\/culturas\/laranja?utm_source=agrolink-detalhe-noticia&amp;utm_medium=detalhe-noticia&amp;utm_campaign=links-internos\" target=\"_blank\" rel=\"noopener\">laranja<\/a>. Entre janeiro e agosto de 2025, as exporta\u00e7\u00f5es somaram 11,1 toneladas, com receita de US$ 32 mil.<\/p>\n<p style=\"text-align:justify\">A tangerina ocupa a segunda posi\u00e7\u00e3o no ranking, com volume de 243,4 mil toneladas, o que representa 9,3% do total produzido no Estado. O aumento foi de 5,2% no per\u00edodo. Belo Vale responde por 14,1% da produ\u00e7\u00e3o, seguida de Campanha (13,5%) e Brumadinho (9,7%).&#13;\n<\/p>\n<p style=\"text-align:justify\">O lim\u00e3o aparece em terceiro lugar, com 100,7 mil toneladas produzidas no acumulado de janeiro a agosto de 2025, alta de 9% frente ao mesmo per\u00edodo de 2024. Ja\u00edba concentra 47% da produ\u00e7\u00e3o estadual, enquanto Matias Cardoso responde por 15,9%. As exporta\u00e7\u00f5es somaram 1,5 mil toneladas, com receita de US$ 1,2 milh\u00e3o.<\/p>\n<\/p><\/div>\n<p><script data-cfasync=\"false\">\n    !function (f, b, e, v, n, t, s) {\n        if (f.fbq) return; n = f.fbq = function () {\n            n.callMethod ?\n                n.callMethod.apply(n, arguments) : n.queue.push(arguments)\n        };\n        if (!f._fbq) f._fbq = n; n.push = n; n.loaded = !0; n.version = '2.0';\n        n.queue = []; t = b.createElement(e); t.async = !0;\n        t.src = v; s = b.getElementsByTagName(e)[0];\n        s.parentNode.insertBefore(t, s)\n    }(window, document, 'script',\n        'https:\/\/connect.facebook.net\/en_US\/fbevents.js');\n    fbq('init', '522546078623747');\n    fbq('track', 'PageView');\n<\/script><br \/>\n<br \/><br \/>\n<br \/><a href=\"https:\/\/www.agrolink.com.br\/noticias\/producao-de-citros-cresce-17-2--em-minas-gerais_506762.html\">Source link <\/a><\/p>\n","protected":false},"excerpt":{"rendered":"<p>A cadeia produtiva de citros segue em expans\u00e3o em Minas Gerais, mesmo diante de um cen\u00e1rio de desafios para o<\/p>\n","protected":false},"author":1,"featured_media":4420,"comment_status":"open","ping_status":"open","sticky":false,"template":"","format":"standard","meta":{"_monsterinsights_skip_tracking":false,"_monsterinsights_sitenote_active":false,"_monsterinsights_sitenote_note":"","_monsterinsights_sitenote_category":0,"_uf_show_specific_survey":0,"_uf_disable_surveys":false,"footnotes":""},"categories":[8,1,14],"tags":[],"class_list":["post-21836","post","type-post","status-publish","format-standard","has-post-thumbnail","hentry","category-agro","category-news","category-politica-agro"],"_links":{"self":[{"href":"https:\/\/agromt.news\/index.php?rest_route=\/wp\/v2\/posts\/21836"}],"collection":[{"href":"https:\/\/agromt.news\/index.php?rest_route=\/wp\/v2\/posts"}],"about":[{"href":"https:\/\/agromt.news\/index.php?rest_route=\/wp\/v2\/types\/post"}],"author":[{"embeddable":true,"href":"https:\/\/agromt.news\/index.php?rest_route=\/wp\/v2\/users\/1"}],"replies":[{"embeddable":true,"href":"https:\/\/agromt.news\/index.php?rest_route=%2Fwp%2Fv2%2Fcomments&post=21836"}],"version-history":[{"count":0,"href":"https:\/\/agromt.news\/index.php?rest_route=\/wp\/v2\/posts\/21836\/revisions"}],"wp:featuredmedia":[{"embeddable":true,"href":"https:\/\/agromt.news\/index.php?rest_route=\/wp\/v2\/media\/4420"}],"wp:attachment":[{"href":"https:\/\/agromt.news\/index.php?rest_route=%2Fwp%2Fv2%2Fmedia&parent=21836"}],"wp:term":[{"taxonomy":"category","embeddable":true,"href":"https:\/\/agromt.news\/index.php?rest_route=%2Fwp%2Fv2%2Fcategories&post=21836"},{"taxonomy":"post_tag","embeddable":true,"href":"https:\/\/agromt.news\/index.php?rest_route=%2Fwp%2Fv2%2Ftags&post=21836"}],"curies":[{"name":"wp","href":"https:\/\/api.w.org\/{rel}","templated":true}]}}