{"id":21835,"date":"2025-10-10T00:32:24","date_gmt":"2025-10-10T04:32:24","guid":{"rendered":"https:\/\/agromt.news\/?p=21835"},"modified":"2025-10-10T00:32:24","modified_gmt":"2025-10-10T04:32:24","slug":"clima-instavel-causa-preocupacao-nos-cafeicultores","status":"publish","type":"post","link":"https:\/\/agromt.news\/?p=21835","title":{"rendered":"Clima inst\u00e1vel causa preocupa\u00e7\u00e3o nos cafeicultores"},"content":{"rendered":"<p> <br \/>\n<\/p>\n<div>\n<div class=\"row\">\n<div class=\"col-lg col-infos mt-0 mt-lg-0\">\n<div class=\"section-sub-title\">\n<p itemprop=\"description\">&#13;<br \/>\n                                O clima, mais uma vez, adiciona incertezas \u00e0 cadeia cafeeira&#13;\n                            <\/p>\n<\/p><\/div>\n<div class=\"container\">\n<div class=\"row\">\n<div class=\"col-lg p-0\">\n<div>\n<div class=\"block-news-main-infos mt-3 text-start\">\n<p>                                            <strong class=\"fn\" itemprop=\"author\" style=\"color: rgb(112, 112, 112); \">&#13;<br \/>\n                                                <a href=\"https:\/\/www.agrolink.com.br\/noticias\/javascript:;\" class=\"text-uppercase\" target=\"_blank\" style=\"color: rgb(112, 112, 112); \" rel=\"noopener\">Agrolink<\/a>&#13;<br \/>\n&#13;<br \/>\n                                                    &#8211; Aline Merladete&#13;<br \/>\n&#13;<br \/>\n                                            <\/strong><br \/>\n                                        <\/p>\n<p>                                            <abbr><time datetime=\"2025 - 10 - 08T16:50\" itemprop=\"datePublished dateModified\"> Publicado em 08\/10\/2025 \u00e0s 16:50h.<\/time><\/abbr>\n                                    <\/div>\n<\/p><\/div>\n<\/p><\/div>\n<div class=\"col-lg p-0 text-lg-end\">\n<div>\n<div id=\"mdEnviarPagina\" class=\"modal fade\" role=\"dialog\">\n<div class=\"modal-dialog\">\n<div class=\"modal-content\">\n<div class=\"modal-body\">\n<p><strong>Estimado usu\u00e1rio.<\/strong><br \/>Preencha o formul\u00e1rio abaixo para remeter a p\u00e1gina.<\/p>\n<\/p><\/div>\n<\/p><\/div>\n<\/p><\/div>\n<\/div><\/div>\n<\/p><\/div>\n<\/p><\/div>\n<\/p><\/div>\n<\/p><\/div>\n<\/p><\/div>\n<div class=\"row justify-content-md-center mt-3\">\n<div class=\"col-lg-auto col-image block-news-main-image\">\n<p>                                <img decoding=\"async\" src=\"https:\/\/www.agrolink.com.br\/upload\/imagens-resizes\/94c9463d22574c0a82c25f14b32c272c_858x483.jpg\" class=\"lazyload img-fluid\"\/><br \/>\n                                                <span class=\"publicity-photo d-block mt-1\">Foto: Divulga\u00e7\u00e3o<\/span><\/p><\/div>\n<\/p><\/div>\n<div class=\"section-description section-description-noticias mt-3\">\n<p style=\"text-align:justify\">As lavouras de caf\u00e9 ar\u00e1bica tiveram uma boa flora\u00e7\u00e3o ap\u00f3s as chuvas que ca\u00edram no Sudeste do Brasil a partir de 20 de setembro. A informa\u00e7\u00e3o \u00e9 do Cepea, que aponta esse evento como importante para a retomada da produtividade na safra 2026\/27.\u00a0Contudo, o cen\u00e1rio clim\u00e1tico segue inst\u00e1vel. O calor excessivo e a irregularidade das chuvas colocam em risco o pegamento das flores, etapa essencial para garantir uma carga frut\u00edfera robusta no pr\u00f3ximo ciclo.&#13;\n<\/p>\n<p style=\"text-align:justify\">O clima, mais uma vez, adiciona incertezas \u00e0 cadeia cafeeira, que busca se recuperar ap\u00f3s sucessivos anos marcados por quebras de safra. Caso as floradas n\u00e3o se consolidem, o potencial produtivo da temporada 2026\/27 pode ser comprometido. Frente \u00e0 instabilidade, muitos produtores optam por segurar a comercializa\u00e7\u00e3o. Com caixa equilibrado, aguardam melhores oportunidades de pre\u00e7o, evitando negociar neste momento de volatilidade.&#13;\n<\/p>\n<p style=\"text-align:justify\">A postura mais cautelosa reduz o volume de neg\u00f3cios no mercado f\u00edsico, o que, por sua vez, contribui para certa sustenta\u00e7\u00e3o nas cota\u00e7\u00f5es, apesar das incertezas clim\u00e1ticas.<\/p>\n<p style=\"text-align:justify\">O setor acompanha com aten\u00e7\u00e3o os pr\u00f3ximos 30 dias, per\u00edodo decisivo para o pegamento das floradas. Se as chuvas n\u00e3o se regularizarem, os impactos podem ser sentidos j\u00e1 no planejamento de m\u00e9dio prazo da cafeicultura brasileira.<\/p>\n<\/p><\/div>\n<\/p><\/div>\n<p><script data-cfasync=\"false\">\n    !function (f, b, e, v, n, t, s) {\n        if (f.fbq) return; n = f.fbq = function () {\n            n.callMethod ?\n                n.callMethod.apply(n, arguments) : n.queue.push(arguments)\n        };\n        if (!f._fbq) f._fbq = n; n.push = n; n.loaded = !0; n.version = '2.0';\n        n.queue = []; t = b.createElement(e); t.async = !0;\n        t.src = v; s = b.getElementsByTagName(e)[0];\n        s.parentNode.insertBefore(t, s)\n    }(window, document, 'script',\n        'https:\/\/connect.facebook.net\/en_US\/fbevents.js');\n    fbq('init', '522546078623747');\n    fbq('track', 'PageView');\n<\/script><br \/>\n<br \/><br \/>\n<br \/><a href=\"https:\/\/www.agrolink.com.br\/noticias\/clima-instavel-causa-preocupacao-nos-cafeicultores_506761.html\">Source link <\/a><\/p>\n","protected":false},"excerpt":{"rendered":"<p>&#13; O clima, mais uma vez, adiciona incertezas \u00e0 cadeia cafeeira&#13; &#13; Agrolink&#13; &#13; &#8211; Aline Merladete&#13; &#13; Publicado em<\/p>\n","protected":false},"author":1,"featured_media":5630,"comment_status":"open","ping_status":"open","sticky":false,"template":"","format":"standard","meta":{"_monsterinsights_skip_tracking":false,"_monsterinsights_sitenote_active":false,"_monsterinsights_sitenote_note":"","_monsterinsights_sitenote_category":0,"_uf_show_specific_survey":0,"_uf_disable_surveys":false,"footnotes":""},"categories":[8,1,14],"tags":[],"class_list":["post-21835","post","type-post","status-publish","format-standard","has-post-thumbnail","hentry","category-agro","category-news","category-politica-agro"],"_links":{"self":[{"href":"https:\/\/agromt.news\/index.php?rest_route=\/wp\/v2\/posts\/21835"}],"collection":[{"href":"https:\/\/agromt.news\/index.php?rest_route=\/wp\/v2\/posts"}],"about":[{"href":"https:\/\/agromt.news\/index.php?rest_route=\/wp\/v2\/types\/post"}],"author":[{"embeddable":true,"href":"https:\/\/agromt.news\/index.php?rest_route=\/wp\/v2\/users\/1"}],"replies":[{"embeddable":true,"href":"https:\/\/agromt.news\/index.php?rest_route=%2Fwp%2Fv2%2Fcomments&post=21835"}],"version-history":[{"count":0,"href":"https:\/\/agromt.news\/index.php?rest_route=\/wp\/v2\/posts\/21835\/revisions"}],"wp:featuredmedia":[{"embeddable":true,"href":"https:\/\/agromt.news\/index.php?rest_route=\/wp\/v2\/media\/5630"}],"wp:attachment":[{"href":"https:\/\/agromt.news\/index.php?rest_route=%2Fwp%2Fv2%2Fmedia&parent=21835"}],"wp:term":[{"taxonomy":"category","embeddable":true,"href":"https:\/\/agromt.news\/index.php?rest_route=%2Fwp%2Fv2%2Fcategories&post=21835"},{"taxonomy":"post_tag","embeddable":true,"href":"https:\/\/agromt.news\/index.php?rest_route=%2Fwp%2Fv2%2Ftags&post=21835"}],"curies":[{"name":"wp","href":"https:\/\/api.w.org\/{rel}","templated":true}]}}