{"id":21834,"date":"2025-10-09T22:36:52","date_gmt":"2025-10-10T02:36:52","guid":{"rendered":"https:\/\/agromt.news\/?p=21834"},"modified":"2025-10-09T22:36:52","modified_gmt":"2025-10-10T02:36:52","slug":"brasil-e-india-avancam-em-dialogo-comercial-bilateral","status":"publish","type":"post","link":"https:\/\/agromt.news\/?p=21834","title":{"rendered":"Brasil e \u00cdndia avan\u00e7am em di\u00e1logo comercial bilateral"},"content":{"rendered":"<p> <br \/>\n<\/p>\n<div>\n<p style=\"text-align:justify\"><span><span><span><span>Representantes dos governos do Brasil e da \u00cdndia se reuniram em Nova D\u00e9lhi, na ter\u00e7a-feira (7), para a 7\u00aa Reuni\u00e3o do Mecanismo de Monitoramento do Com\u00e9rcio Bilateral \u00cdndia-Brasil (TMM). O objetivo foi aprofundar o di\u00e1logo e o com\u00e9rcio como trocas comerciais entre os dois pa\u00edses.<\/span><\/span><\/span><\/span>&#13;\n<\/p>\n<p style=\"text-align:justify\"><span><span><span><span>A delega\u00e7\u00e3o brasileira foi liderada pela secret\u00e1ria de Com\u00e9rcio Exterior do Minist\u00e9rio do Desenvolvimento, Ind\u00fastria, Com\u00e9rcio e Servi\u00e7os (MDIC), Tatiana Prazeres, e contou com representantes do Minist\u00e9rio das Rela\u00e7\u00f5es Exteriores (MRE), do Minist\u00e9rio da Agricultura e Pecu\u00e1ria (Mapa) e da Embaixada do Brasil em Nova D\u00e9lhi. O lado indiano foi chefiado pelo secret\u00e1rio de Com\u00e9rcio, Rajesh Agrawl, com a presen\u00e7a de representantes de diferentes \u00f3rg\u00e3os do governo.<\/span><\/span><\/span><\/span><\/p>\n<p style=\"text-align:justify\"><span><span><span><span>O encontro serviu para debater a amplia\u00e7\u00e3o do Acordo de Com\u00e9rcio Preferencial MERCOSUL-\u00cdndia, firmado em 2004, que abrange especifica\u00e7\u00f5es comerciais para um n\u00famero restrito de produtos. A avalia\u00e7\u00e3o levou \u00e0 aprova\u00e7\u00e3o, pelo Conselho Estrat\u00e9gico da C\u00e2mara de Com\u00e9rcio Exterior, da renova\u00e7\u00e3o do mandato para negocia\u00e7\u00f5es de amplia\u00e7\u00e3o. A reuni\u00e3o tamb\u00e9m antecedeu a visita do vice-presidente e ministro Geraldo Alckmin \u00e0 \u00cdndia, prevista para este m\u00eas de outubro.<\/span><\/span><\/span><\/span>&#13;\n<\/p>\n<p style=\"text-align:justify\"><span><span><span><span>Foram abordados temas relacionados ao certificado de origem eletr\u00f4nico, barreiras comerciais para produtos como cal\u00e7ados, feij\u00e3o e erva-mate, investimentos, propriedade intelectual e coopera\u00e7\u00e3o em \u00e1reas como energia e assuntos financeiros. Tamb\u00e9m foram tratadas quest\u00f5es multilaterais ligadas \u00e0 reforma da Organiza\u00e7\u00e3o Mundial do Com\u00e9rcio (OMC), ao com\u00e9rcio internacional na Confer\u00eancia das Na\u00e7\u00f5es Unidas sobre as Mudan\u00e7as Clim\u00e1ticas de 2025 (COP-30) e \u00e0 atua\u00e7\u00e3o conjunta nos BRICS.<\/span><\/span><\/span><\/span><\/p>\n<p style=\"text-align:justify\"><span><span><span><span>Criado em 2008, o mecanismo tem a fun\u00e7\u00e3o de dar tratamento \u00e1gil a quest\u00f5es espec\u00edficas do com\u00e9rcio bilateral, buscando remover barreiras e diversificar o fluxo comercial.<\/span><\/span><\/span><\/span><\/p>\n<p style=\"text-align:justify\"><span><span><span><span>A 6\u00aa reuni\u00e3o do mecanismo foi realizada em outubro de 2023, em Bras\u00edlia.<\/span><\/span><\/span><\/span><\/p>\n<p style=\"text-align:justify\"><span><span><span><span>A \u00cdndia \u00e9 um dos principais parceiros comerciais do Brasil na \u00c1sia e apresenta potencial para expans\u00e3o e fortalecimento dessa rela\u00e7\u00e3o. Em 2024, o fluxo comercial entre os dois pa\u00edses somava 12,1 bilh\u00f5es de d\u00f3lares.<\/span><\/span><\/span><\/span><\/p>\n<\/p><\/div>\n<p><script data-cfasync=\"false\">\n    !function (f, b, e, v, n, t, s) {\n        if (f.fbq) return; n = f.fbq = function () {\n            n.callMethod ?\n                n.callMethod.apply(n, arguments) : n.queue.push(arguments)\n        };\n        if (!f._fbq) f._fbq = n; n.push = n; n.loaded = !0; n.version = '2.0';\n        n.queue = []; t = b.createElement(e); t.async = !0;\n        t.src = v; s = b.getElementsByTagName(e)[0];\n        s.parentNode.insertBefore(t, s)\n    }(window, document, 'script',\n        'https:\/\/connect.facebook.net\/en_US\/fbevents.js');\n    fbq('init', '522546078623747');\n    fbq('track', 'PageView');\n<\/script><br \/>\n<br \/><br \/>\n<br \/><a href=\"https:\/\/www.agrolink.com.br\/noticias\/brasil-e-india-avancam-em-dialogo-comercial-bilateral_506769.html\">Source link <\/a><\/p>\n","protected":false},"excerpt":{"rendered":"<p>Representantes dos governos do Brasil e da \u00cdndia se reuniram em Nova D\u00e9lhi, na ter\u00e7a-feira (7), para a 7\u00aa Reuni\u00e3o<\/p>\n","protected":false},"author":1,"featured_media":850,"comment_status":"open","ping_status":"open","sticky":false,"template":"","format":"standard","meta":{"_monsterinsights_skip_tracking":false,"_monsterinsights_sitenote_active":false,"_monsterinsights_sitenote_note":"","_monsterinsights_sitenote_category":0,"_uf_show_specific_survey":0,"_uf_disable_surveys":false,"footnotes":""},"categories":[8,1,14],"tags":[],"class_list":["post-21834","post","type-post","status-publish","format-standard","has-post-thumbnail","hentry","category-agro","category-news","category-politica-agro"],"_links":{"self":[{"href":"https:\/\/agromt.news\/index.php?rest_route=\/wp\/v2\/posts\/21834"}],"collection":[{"href":"https:\/\/agromt.news\/index.php?rest_route=\/wp\/v2\/posts"}],"about":[{"href":"https:\/\/agromt.news\/index.php?rest_route=\/wp\/v2\/types\/post"}],"author":[{"embeddable":true,"href":"https:\/\/agromt.news\/index.php?rest_route=\/wp\/v2\/users\/1"}],"replies":[{"embeddable":true,"href":"https:\/\/agromt.news\/index.php?rest_route=%2Fwp%2Fv2%2Fcomments&post=21834"}],"version-history":[{"count":0,"href":"https:\/\/agromt.news\/index.php?rest_route=\/wp\/v2\/posts\/21834\/revisions"}],"wp:featuredmedia":[{"embeddable":true,"href":"https:\/\/agromt.news\/index.php?rest_route=\/wp\/v2\/media\/850"}],"wp:attachment":[{"href":"https:\/\/agromt.news\/index.php?rest_route=%2Fwp%2Fv2%2Fmedia&parent=21834"}],"wp:term":[{"taxonomy":"category","embeddable":true,"href":"https:\/\/agromt.news\/index.php?rest_route=%2Fwp%2Fv2%2Fcategories&post=21834"},{"taxonomy":"post_tag","embeddable":true,"href":"https:\/\/agromt.news\/index.php?rest_route=%2Fwp%2Fv2%2Ftags&post=21834"}],"curies":[{"name":"wp","href":"https:\/\/api.w.org\/{rel}","templated":true}]}}