{"id":21830,"date":"2025-10-09T20:12:04","date_gmt":"2025-10-10T00:12:04","guid":{"rendered":"https:\/\/agromt.news\/?p=21830"},"modified":"2025-10-09T20:12:04","modified_gmt":"2025-10-10T00:12:04","slug":"mesma-turma-que-derrubou-a-mp-do-iof-comemorou-o-fechamento-da-ford-alfineta-ministro","status":"publish","type":"post","link":"https:\/\/agromt.news\/?p=21830","title":{"rendered":"Mesma turma que derrubou a MP do IOF comemorou o fechamento da Ford, alfineta ministro"},"content":{"rendered":"<p> <br \/>\n<br \/><img decoding=\"async\" src=\"https:\/\/agromt.news\/wp-content\/uploads\/2025\/01\/rui_costa.webp.webp\" \/><\/p>\n<div>\n<p>A montadora chinesa BYD fez nesta quinta-feira (9) a inaugura\u00e7\u00e3o da f\u00e1brica em Cama\u00e7ari, na Bahia, pouco mais de dois anos ap\u00f3s comprar as instala\u00e7\u00f5es onde antes a Ford produzia o utilit\u00e1rio esportivo EcoSport.<\/p>\n<p>O \u201crenascimento\u201d de uma f\u00e1brica que tinha sido desativada quando a montadora norte-americana, no in\u00edcio de 2021, durante o governo Jair Bolsonaro, anunciou o fim da produ\u00e7\u00e3o no Brasil, foi destacado nos discursos e deu muni\u00e7\u00e3o para ataques \u00e0 oposi\u00e7\u00e3o.<\/p>\n<p>Depois de ouvir do prefeito de Cama\u00e7ari, Luiz Carlos Caetano, que o governo anterior n\u00e3o moveu uma palha para segurar a Ford, o ministro da Casa Civil, Rui Costa, disse que os deputados que na quarta (8) <a href=\"https:\/\/www.canalrural.com.br\/politica\/mesma-turma-que-derrubou-a-mp-do-iof-comemorou-o-fechamento-da-ford-alfineta-ministro\/_wp_link_placeholder\" data-wplink-edit=\"true\"><strong>derrubaram a medida provis\u00f3ria alternativa ao IOF<\/strong><\/a> foram os mesmos que, quatro anos atr\u00e1s, comemoraram o fechamento da Ford.<\/p>\n<p>\u201cA mesma turma que votou ontem na C\u00e2mara dos Deputados contra o Brasil \u00e9 aquela turma que comemorou silenciosamente o fechamento da Ford\u201d, declarou Costa.<\/p>\n<p>O vice-presidente s\u00eanior e chefe comercial e de marketing da BYD no Brasil, Alexandre Baldy, disse que o local, que antes era \u201cs\u00edmbolo de incerteza\u201d e um complexo industrial abandonado, tornou-se um polo de \u201cinova\u00e7\u00e3o, tecnologia, emprego e esperan\u00e7a\u201d.<\/p>\n<p>\u201cA BYB sempre acreditou que onde h\u00e1 espa\u00e7o vazio, pode haver futuro. E vimos aqui, n\u00e3o ru\u00ednas, mas um potencial. N\u00e3o vimos abandono, mas uma possibilidade\u201d, declarou o executivo.<\/p>\n<p>Baldy ressaltou que o investimento em Cama\u00e7ari \u00e9 uma prova de que o Brasil \u201cpode e vai\u201d liderar a revolu\u00e7\u00e3o da mobilidade sustent\u00e1vel. Foram investidos R$ 5,5 bilh\u00f5es na f\u00e1brica, que arranca com capacidade de produ\u00e7\u00e3o inicial de 150 mil autom\u00f3veis por ano, podendo subir para 300 mil ve\u00edculos em uma segunda etapa.<\/p>\n<p>Em Cama\u00e7ari, a BYD completa a produ\u00e7\u00e3o de carros que s\u00e3o trazidos da China parcialmente montados. Da nova f\u00e1brica, saem carros puramente el\u00e9tricos e h\u00edbridos. Conforme Baldy, a empresa investiu quase R$ 80 milh\u00f5es para que o motor dos carros h\u00edbridos fosse flex \u2013 ou seja, funciona tanto com etanol quanto com gasolina.<\/p>\n<p>A CEO da BYD para Am\u00e9ricas e Europa, Stella Li, salientou que a cerim\u00f4nia de inaugura\u00e7\u00e3o da f\u00e1brica \u00e9 a celebra\u00e7\u00e3o do in\u00edcio de uma nova era da ind\u00fastria automotiva brasileira. \u201cN\u00e3o s\u00f3 dos carros el\u00e9tricos, mas dos carros inteligentes, constru\u00eddos por brasileiros, constru\u00eddos por baianos\u201d, declarou.<\/p>\n<\/p><\/div>\n<p><br \/>\n<br \/><a href=\"https:\/\/www.canalrural.com.br\/politica\/mesma-turma-que-derrubou-a-mp-do-iof-comemorou-o-fechamento-da-ford-alfineta-ministro\/\">Source link <\/a><\/p>\n","protected":false},"excerpt":{"rendered":"<p>A montadora chinesa BYD fez nesta quinta-feira (9) a inaugura\u00e7\u00e3o da f\u00e1brica em Cama\u00e7ari, na Bahia, pouco mais de dois<\/p>\n","protected":false},"author":1,"featured_media":8499,"comment_status":"open","ping_status":"open","sticky":false,"template":"","format":"standard","meta":{"_monsterinsights_skip_tracking":false,"_monsterinsights_sitenote_active":false,"_monsterinsights_sitenote_note":"","_monsterinsights_sitenote_category":0,"_uf_show_specific_survey":0,"_uf_disable_surveys":false,"footnotes":""},"categories":[1],"tags":[],"class_list":["post-21830","post","type-post","status-publish","format-standard","has-post-thumbnail","hentry","category-news"],"_links":{"self":[{"href":"https:\/\/agromt.news\/index.php?rest_route=\/wp\/v2\/posts\/21830"}],"collection":[{"href":"https:\/\/agromt.news\/index.php?rest_route=\/wp\/v2\/posts"}],"about":[{"href":"https:\/\/agromt.news\/index.php?rest_route=\/wp\/v2\/types\/post"}],"author":[{"embeddable":true,"href":"https:\/\/agromt.news\/index.php?rest_route=\/wp\/v2\/users\/1"}],"replies":[{"embeddable":true,"href":"https:\/\/agromt.news\/index.php?rest_route=%2Fwp%2Fv2%2Fcomments&post=21830"}],"version-history":[{"count":0,"href":"https:\/\/agromt.news\/index.php?rest_route=\/wp\/v2\/posts\/21830\/revisions"}],"wp:featuredmedia":[{"embeddable":true,"href":"https:\/\/agromt.news\/index.php?rest_route=\/wp\/v2\/media\/8499"}],"wp:attachment":[{"href":"https:\/\/agromt.news\/index.php?rest_route=%2Fwp%2Fv2%2Fmedia&parent=21830"}],"wp:term":[{"taxonomy":"category","embeddable":true,"href":"https:\/\/agromt.news\/index.php?rest_route=%2Fwp%2Fv2%2Fcategories&post=21830"},{"taxonomy":"post_tag","embeddable":true,"href":"https:\/\/agromt.news\/index.php?rest_route=%2Fwp%2Fv2%2Ftags&post=21830"}],"curies":[{"name":"wp","href":"https:\/\/api.w.org\/{rel}","templated":true}]}}