{"id":21827,"date":"2025-10-09T19:43:10","date_gmt":"2025-10-09T23:43:10","guid":{"rendered":"https:\/\/agromt.news\/?p=21827"},"modified":"2025-10-09T19:43:10","modified_gmt":"2025-10-09T23:43:10","slug":"barroso-anuncia-que-vai-deixar-cargo-de-ministro-do-stf","status":"publish","type":"post","link":"https:\/\/agromt.news\/?p=21827","title":{"rendered":"Barroso anuncia que vai deixar cargo de ministro do STF"},"content":{"rendered":"<p> <br \/>\n<br \/><img decoding=\"async\" src=\"https:\/\/agromt.news\/wp-content\/uploads\/2025\/10\/Barroso-anuncia-que-vai-deixar-cargo-de-ministro-do-STF.jpg\" \/><\/p>\n<div>\n<p>O ministro Lu\u00eds Roberto Barroso anunciou nesta quinta-feira (9) sua aposentadoria antecipada do Supremo Tribunal Federal (STF). Ele poderia ficar no cargo at\u00e9 2033, quando far\u00e1 75 anos.<\/p>\n<p>\u201cSinto que agora \u00e9 hora de seguir novos rumos\u201d, afirmou. O an\u00fancio ocorre pouco tempo depois de Barroso deixar a presid\u00eancia do STF e ser alvo de san\u00e7\u00f5es do governo dos Estados Unidos.<\/p>\n<p>O ministro ainda deve permanecer no STF at\u00e9 a pr\u00f3xima semana para liberar processos que ainda est\u00e3o sob a responsabilidade dele, mas hoje foi sua \u00faltima sess\u00e3o plan\u00e1ria.<\/p>\n<p>Com a sa\u00edda de Barroso, caber\u00e1 ao presidente Luiz In\u00e1cio Lula da Silva indicar um novo integrante para a Corte.<\/p>\n<h2 class=\"wp-block-heading\" id=\"h-perfil-de-barroso\">Perfil de Barroso<\/h2>\n<p>Barroso chegou ao Supremo em 2013. Ele foi indicado pela ex-presidente Dilma Rousseff para a vaga deixada pelo ministro Carlos Ayres Britto, aposentado em novembro de 2012 ao completar 70 anos.<\/p>\n<p>O ministro nasceu em Vassouras, no Rio de Janeiro, \u00e9 doutor em direito p\u00fablico pela Universidade do Estado do Rio de Janeiro (Uerj) e mestre em direito pela <em>Yale Law School<\/em>, nos Estados Unidos.<\/p>\n<p>Antes de chegar ao Supremo, atuou como advogado privado e defendeu diversas causas na Corte, entre elas a interrup\u00e7\u00e3o da gravidez nos casos de fetos anenc\u00e9falos, pesquisas com c\u00e9lulas-tronco, uni\u00e3o homoafetiva e a defesa do ex-ativista Cesare Battisti.<\/p>\n<\/p><\/div>\n<p><br \/>\n<br \/><a href=\"https:\/\/www.canalrural.com.br\/politica\/barroso-anuncia-que-vai-deixar-cargo-de-ministro-do-stf\/\">Source link <\/a><\/p>\n","protected":false},"excerpt":{"rendered":"<p>O ministro Lu\u00eds Roberto Barroso anunciou nesta quinta-feira (9) sua aposentadoria antecipada do Supremo Tribunal Federal (STF). Ele poderia ficar<\/p>\n","protected":false},"author":1,"featured_media":21828,"comment_status":"open","ping_status":"open","sticky":false,"template":"","format":"standard","meta":{"_monsterinsights_skip_tracking":false,"_monsterinsights_sitenote_active":false,"_monsterinsights_sitenote_note":"","_monsterinsights_sitenote_category":0,"_uf_show_specific_survey":0,"_uf_disable_surveys":false,"footnotes":""},"categories":[1],"tags":[],"class_list":["post-21827","post","type-post","status-publish","format-standard","has-post-thumbnail","hentry","category-news"],"_links":{"self":[{"href":"https:\/\/agromt.news\/index.php?rest_route=\/wp\/v2\/posts\/21827"}],"collection":[{"href":"https:\/\/agromt.news\/index.php?rest_route=\/wp\/v2\/posts"}],"about":[{"href":"https:\/\/agromt.news\/index.php?rest_route=\/wp\/v2\/types\/post"}],"author":[{"embeddable":true,"href":"https:\/\/agromt.news\/index.php?rest_route=\/wp\/v2\/users\/1"}],"replies":[{"embeddable":true,"href":"https:\/\/agromt.news\/index.php?rest_route=%2Fwp%2Fv2%2Fcomments&post=21827"}],"version-history":[{"count":0,"href":"https:\/\/agromt.news\/index.php?rest_route=\/wp\/v2\/posts\/21827\/revisions"}],"wp:featuredmedia":[{"embeddable":true,"href":"https:\/\/agromt.news\/index.php?rest_route=\/wp\/v2\/media\/21828"}],"wp:attachment":[{"href":"https:\/\/agromt.news\/index.php?rest_route=%2Fwp%2Fv2%2Fmedia&parent=21827"}],"wp:term":[{"taxonomy":"category","embeddable":true,"href":"https:\/\/agromt.news\/index.php?rest_route=%2Fwp%2Fv2%2Fcategories&post=21827"},{"taxonomy":"post_tag","embeddable":true,"href":"https:\/\/agromt.news\/index.php?rest_route=%2Fwp%2Fv2%2Ftags&post=21827"}],"curies":[{"name":"wp","href":"https:\/\/api.w.org\/{rel}","templated":true}]}}