{"id":21813,"date":"2025-10-09T17:16:05","date_gmt":"2025-10-09T21:16:05","guid":{"rendered":"https:\/\/agromt.news\/?p=21813"},"modified":"2025-10-09T17:16:05","modified_gmt":"2025-10-09T21:16:05","slug":"exportacoes-de-cafe-caem-18-em-setembro-com-tarifaco-dos-eua","status":"publish","type":"post","link":"https:\/\/agromt.news\/?p=21813","title":{"rendered":"Exporta\u00e7\u00f5es de caf\u00e9 caem 18% em setembro com tarifa\u00e7o dos EUA"},"content":{"rendered":"<p> <br \/>\n<br \/><img decoding=\"async\" src=\"https:\/\/agromt.news\/wp-content\/uploads\/2025\/10\/Exportacoes-de-cafe-caem-18-em-setembro-com-tarifaco-dos.jpg\" \/><\/p>\n<div>\n<p>O Brasil exportou 3,75 milh\u00f5es de sacas de caf\u00e9 em setembro, queda de 18,4% em rela\u00e7\u00e3o ao mesmo m\u00eas do ano passado. A retra\u00e7\u00e3o reflete estoques mais baixos, safra menor e o tarifa\u00e7o de 50% imposto pelos Estados Unidos sobre o produto brasileiro. <\/p>\n<p>Apesar do recuo nos embarques, a receita cambial cresceu 11,1%, somando US$ 1,36 bilh\u00e3o, segundo o Conselho dos Exportadores de Caf\u00e9 do Brasil (<a href=\"https:\/\/www.canalrural.com.br\/tag\/cecafe\/\">Cecaf\u00e9<\/a>).<\/p>\n<h3 class=\"wp-block-heading\" id=\"h-desempenho-da-safra-e-impacto-do-tarifaco\">Desempenho da safra e impacto do tarifa\u00e7o<\/h3>\n<p>Nos tr\u00eas primeiros meses do ano-safra 2025\/26, o pa\u00eds exportou 9,67 milh\u00f5es de sacas, volume 20,6% inferior ao do mesmo per\u00edodo anterior. A receita, no entanto, subiu 12%, para US$ 3,52 bilh\u00f5es, puxada por pre\u00e7os mais altos.<\/p>\n<p>De acordo com o presidente do Cecaf\u00e9, M\u00e1rcio Ferreira, a queda j\u00e1 era esperada ap\u00f3s os recordes de exporta\u00e7\u00e3o de 2024. \u201cA disponibilidade de caf\u00e9 diminuiu com estoques menores e nova quebra de safra. O tarifa\u00e7o dos Estados Unidos agravou o cen\u00e1rio, reduzindo as compras do nosso principal parceiro comercial\u201d, afirmou.<\/p>\n<p>Em setembro, as importa\u00e7\u00f5es norte-americanas ca\u00edram 52,8%, para 332 mil sacas, fazendo o pa\u00eds cair para a terceira posi\u00e7\u00e3o entre os compradores do caf\u00e9 brasileiro. A Alemanha liderou as aquisi\u00e7\u00f5es (654 mil sacas), seguida pela It\u00e1lia (334 mil).<\/p>\n<h3 class=\"wp-block-heading\" id=\"h-pressao-por-dialogo-comercial\">Press\u00e3o por di\u00e1logo comercial<\/h3>\n<p>Al\u00e9m disso, Ferreira defendeu que o governo brasileiro atuar rapidamente para retomar o di\u00e1logo com Washington. Ele lembrou que, ap\u00f3s conversas entre os presidentes Lula e Donald Trump, o setor aguarda avan\u00e7os diplom\u00e1ticos. \u201cOs Estados Unidos continuam sendo o maior destino do nosso caf\u00e9 no acumulado do ano. Precisamos agir para evitar novas perdas\u201d, disse.<\/p>\n<p>O Cecaf\u00e9 solicitou reuni\u00e3o com o vice-presidente Geraldo Alckmin, respons\u00e1vel pelo comit\u00ea que coordena as negocia\u00e7\u00f5es comerciais, para discutir medidas de rea\u00e7\u00e3o. Segundo a entidade, os caf\u00e9s brasileiros respondem por mais de um ter\u00e7o do mercado norte-americano, onde 76% da popula\u00e7\u00e3o consome a bebida.<\/p>\n<h3 class=\"wp-block-heading\" id=\"h-principais-destinos-e-tipos-exportados\">Principais destinos e tipos exportados<\/h3>\n<p>De janeiro a setembro, as <a href=\"https:\/\/www.canalrural.com.br\/tag\/exportacoes\/\">exporta\u00e7\u00f5es<\/a> somaram 29,1 milh\u00f5es de sacas, retra\u00e7\u00e3o de 20,5% frente ao mesmo per\u00edodo de 2024. Ainda assim, a receita subiu 30%, totalizando US$ 11,04 bilh\u00f5es, refletindo o c\u00e2mbio favor\u00e1vel e a valoriza\u00e7\u00e3o do produto.<\/p>\n<p>Os Estados Unidos seguem na lideran\u00e7a anual, com 4,36 milh\u00f5es de sacas importadas (-24,7%), seguidos por Alemanha, It\u00e1lia, Jap\u00e3o e B\u00e9lgica. O ar\u00e1bica representou 79,7% dos embarques, enquanto os caf\u00e9s diferenciados, com certifica\u00e7\u00f5es de sustentabilidade e qualidade, responderam por 20% das vendas externas, movimentando US$ 2,5 bilh\u00f5es.<\/p>\n<p>O <a href=\"https:\/\/www.canalrural.com.br\/tag\/porto-de-santos\/\">Porto de Santos<\/a> manteve-se como principal via de escoamento, respons\u00e1vel por 79% das exporta\u00e7\u00f5es brasileiras de caf\u00e9 nos nove primeiros meses de 2025.<\/p>\n<\/p><\/div>\n<p><br \/>\n<br \/><a href=\"https:\/\/www.canalrural.com.br\/economia\/exportacoes-de-cafe-caem-18-em-setembro-com-tarifaco-dos-eua\/\">Source link <\/a><\/p>\n","protected":false},"excerpt":{"rendered":"<p>O Brasil exportou 3,75 milh\u00f5es de sacas de caf\u00e9 em setembro, queda de 18,4% em rela\u00e7\u00e3o ao mesmo m\u00eas do<\/p>\n","protected":false},"author":1,"featured_media":21814,"comment_status":"open","ping_status":"open","sticky":false,"template":"","format":"standard","meta":{"_monsterinsights_skip_tracking":false,"_monsterinsights_sitenote_active":false,"_monsterinsights_sitenote_note":"","_monsterinsights_sitenote_category":0,"_uf_show_specific_survey":0,"_uf_disable_surveys":false,"footnotes":""},"categories":[1],"tags":[],"class_list":["post-21813","post","type-post","status-publish","format-standard","has-post-thumbnail","hentry","category-news"],"_links":{"self":[{"href":"https:\/\/agromt.news\/index.php?rest_route=\/wp\/v2\/posts\/21813"}],"collection":[{"href":"https:\/\/agromt.news\/index.php?rest_route=\/wp\/v2\/posts"}],"about":[{"href":"https:\/\/agromt.news\/index.php?rest_route=\/wp\/v2\/types\/post"}],"author":[{"embeddable":true,"href":"https:\/\/agromt.news\/index.php?rest_route=\/wp\/v2\/users\/1"}],"replies":[{"embeddable":true,"href":"https:\/\/agromt.news\/index.php?rest_route=%2Fwp%2Fv2%2Fcomments&post=21813"}],"version-history":[{"count":0,"href":"https:\/\/agromt.news\/index.php?rest_route=\/wp\/v2\/posts\/21813\/revisions"}],"wp:featuredmedia":[{"embeddable":true,"href":"https:\/\/agromt.news\/index.php?rest_route=\/wp\/v2\/media\/21814"}],"wp:attachment":[{"href":"https:\/\/agromt.news\/index.php?rest_route=%2Fwp%2Fv2%2Fmedia&parent=21813"}],"wp:term":[{"taxonomy":"category","embeddable":true,"href":"https:\/\/agromt.news\/index.php?rest_route=%2Fwp%2Fv2%2Fcategories&post=21813"},{"taxonomy":"post_tag","embeddable":true,"href":"https:\/\/agromt.news\/index.php?rest_route=%2Fwp%2Fv2%2Ftags&post=21813"}],"curies":[{"name":"wp","href":"https:\/\/api.w.org\/{rel}","templated":true}]}}