{"id":21811,"date":"2025-10-09T16:48:25","date_gmt":"2025-10-09T20:48:25","guid":{"rendered":"https:\/\/agromt.news\/?p=21811"},"modified":"2025-10-09T16:48:25","modified_gmt":"2025-10-09T20:48:25","slug":"safra-de-trigo-deve-cair-65-no-brasil","status":"publish","type":"post","link":"https:\/\/agromt.news\/?p=21811","title":{"rendered":"Safra de trigo deve cair 6,5% no Brasil"},"content":{"rendered":"<p> <br \/>\n<\/p>\n<div>\n<p>A produ\u00e7\u00e3o de <a href=\"https:\/\/www.agrolink.com.br\/culturas\/trigo\/?utm_source=agrolink-detalhe-noticia&amp;utm_medium=detalhe-noticia&amp;utm_campaign=links-internos\" target=\"_blank\" rel=\"noopener\">trigo<\/a> no Brasil para a safra 2024\/25 apresenta redu\u00e7\u00f5es significativas em alguns estados, enquanto outros registram crescimento, conforme levantamento realizado pela TF Agroecon\u00f4mica. Os dados obtidos s\u00e3o fundamentais para o mercado brasileiro, pois orientam decis\u00f5es estrat\u00e9gicas de importa\u00e7\u00e3o e exporta\u00e7\u00e3o, influenciando pre\u00e7os e planejamento da cadeia produtiva. A an\u00e1lise detalhada por estado mostra um cen\u00e1rio misto, refletindo diferen\u00e7as clim\u00e1ticas, manejo agr\u00edcola e hist\u00f3rico de produtividade.&#13;\n<\/p>\n<p>No Rio Grande do Sul, principal produtor nacional de trigo, a expectativa de colheita caiu 18,24% em rela\u00e7\u00e3o \u00e0 safra anterior, passando de 3,91 milh\u00f5es de toneladas para cerca de 3,2 milh\u00f5es. Santa Catarina tamb\u00e9m deve registrar queda, de 460,7 mil toneladas para 374,5 mil, recuo de 18,71%. Estados do Centro-Oeste, como Goi\u00e1s e Bahia, enfrentam perdas ainda mais expressivas, de 25,4% e 34,21%, respectivamente, impactando diretamente o fornecimento regional e a necessidade de ajustes nas estrat\u00e9gias de comercializa\u00e7\u00e3o.&#13;\n<\/p>\n<p>Por outro lado, Mato Grosso do Sul deve apresentar crescimento significativo de 88,19%, passando de 44,9 mil toneladas para 84,5 mil, impulsionado por condi\u00e7\u00f5es clim\u00e1ticas favor\u00e1veis e incremento no investimento em tecnologia agr\u00edcola. Paran\u00e1 e Distrito Federal tamb\u00e9m registram evolu\u00e7\u00e3o positiva, com aumento de 12,78% e 15,62%, respectivamente, enquanto Minas Gerais tem um incremento mais modesto, de 4,37%. No total, a produ\u00e7\u00e3o nacional de trigo deve atingir 7,38 milh\u00f5es de toneladas, representando queda de 6,48% em rela\u00e7\u00e3o \u00e0 safra 2023\/24, que alcan\u00e7ou 7,88 milh\u00f5es.\u00a0<br \/>&#13;<br \/>\n\u00a0&#13;\n<\/p>\n<\/p><\/div>\n<p><script data-cfasync=\"false\">\n    !function (f, b, e, v, n, t, s) {\n        if (f.fbq) return; n = f.fbq = function () {\n            n.callMethod ?\n                n.callMethod.apply(n, arguments) : n.queue.push(arguments)\n        };\n        if (!f._fbq) f._fbq = n; n.push = n; n.loaded = !0; n.version = '2.0';\n        n.queue = []; t = b.createElement(e); t.async = !0;\n        t.src = v; s = b.getElementsByTagName(e)[0];\n        s.parentNode.insertBefore(t, s)\n    }(window, document, 'script',\n        'https:\/\/connect.facebook.net\/en_US\/fbevents.js');\n    fbq('init', '522546078623747');\n    fbq('track', 'PageView');\n<\/script><br \/>\n<br \/><br \/>\n<br \/><a href=\"https:\/\/www.agrolink.com.br\/noticias\/safra-de-trigo-deve-cair-6-5--no-brasil_506766.html\">Source link <\/a><\/p>\n","protected":false},"excerpt":{"rendered":"<p>A produ\u00e7\u00e3o de trigo no Brasil para a safra 2024\/25 apresenta redu\u00e7\u00f5es significativas em alguns estados, enquanto outros registram crescimento,<\/p>\n","protected":false},"author":1,"featured_media":5818,"comment_status":"open","ping_status":"open","sticky":false,"template":"","format":"standard","meta":{"_monsterinsights_skip_tracking":false,"_monsterinsights_sitenote_active":false,"_monsterinsights_sitenote_note":"","_monsterinsights_sitenote_category":0,"_uf_show_specific_survey":0,"_uf_disable_surveys":false,"footnotes":""},"categories":[8,1,14],"tags":[],"class_list":["post-21811","post","type-post","status-publish","format-standard","has-post-thumbnail","hentry","category-agro","category-news","category-politica-agro"],"_links":{"self":[{"href":"https:\/\/agromt.news\/index.php?rest_route=\/wp\/v2\/posts\/21811"}],"collection":[{"href":"https:\/\/agromt.news\/index.php?rest_route=\/wp\/v2\/posts"}],"about":[{"href":"https:\/\/agromt.news\/index.php?rest_route=\/wp\/v2\/types\/post"}],"author":[{"embeddable":true,"href":"https:\/\/agromt.news\/index.php?rest_route=\/wp\/v2\/users\/1"}],"replies":[{"embeddable":true,"href":"https:\/\/agromt.news\/index.php?rest_route=%2Fwp%2Fv2%2Fcomments&post=21811"}],"version-history":[{"count":0,"href":"https:\/\/agromt.news\/index.php?rest_route=\/wp\/v2\/posts\/21811\/revisions"}],"wp:featuredmedia":[{"embeddable":true,"href":"https:\/\/agromt.news\/index.php?rest_route=\/wp\/v2\/media\/5818"}],"wp:attachment":[{"href":"https:\/\/agromt.news\/index.php?rest_route=%2Fwp%2Fv2%2Fmedia&parent=21811"}],"wp:term":[{"taxonomy":"category","embeddable":true,"href":"https:\/\/agromt.news\/index.php?rest_route=%2Fwp%2Fv2%2Fcategories&post=21811"},{"taxonomy":"post_tag","embeddable":true,"href":"https:\/\/agromt.news\/index.php?rest_route=%2Fwp%2Fv2%2Ftags&post=21811"}],"curies":[{"name":"wp","href":"https:\/\/api.w.org\/{rel}","templated":true}]}}