{"id":21760,"date":"2025-10-09T06:54:37","date_gmt":"2025-10-09T10:54:37","guid":{"rendered":"https:\/\/agromt.news\/?p=21760"},"modified":"2025-10-09T06:54:37","modified_gmt":"2025-10-09T10:54:37","slug":"seminario-de-irrigacao-aborda-programa-irriga-rs","status":"publish","type":"post","link":"https:\/\/agromt.news\/?p=21760","title":{"rendered":"Semin\u00e1rio de Irriga\u00e7\u00e3o aborda Programa Irriga+ RS"},"content":{"rendered":"<p> <br \/>\n<\/p>\n<div>\n<div class=\"row\">\n<div class=\"col-lg col-infos mt-0 mt-lg-0\">\n<div class=\"section-sub-title\">\n<p itemprop=\"description\">&#13;<br \/>\n                                O evento tem entrada gratuita e acontece no Centro Cultural Jos\u00e9 Rugeri.&#13;\n                            <\/p>\n<\/p><\/div>\n<div class=\"container\">\n<div class=\"row\">\n<div class=\"col-lg p-0\">\n<div>\n<div class=\"block-news-main-infos mt-3 text-start\">\n<p>                                            <strong class=\"fn\" itemprop=\"author\" style=\"color: rgb(112, 112, 112); \">&#13;<br \/>\n                                                <a href=\"https:\/\/www.emater.tche.br\/site\/noticias\/detalhe-noticia.php?id=38218\" class=\"text-uppercase\" target=\"_blank\" style=\"color: rgb(112, 112, 112); \" rel=\"noopener\">Emater\/RS<\/a>&#13;<br \/>\n&#13;<br \/>\n&#13;<br \/>\n                                            <\/strong><br \/>\n                                        <\/p>\n<p>                                            <abbr><time datetime=\"2025 - 10 - 09T05:07\" itemprop=\"datePublished dateModified\"> Publicado em 09\/10\/2025 \u00e0s 05:07h.<\/time><\/abbr>\n                                    <\/div>\n<\/p><\/div>\n<\/p><\/div>\n<div class=\"col-lg p-0 text-lg-end\">\n<div>\n<div id=\"mdEnviarPagina\" class=\"modal fade\" role=\"dialog\">\n<div class=\"modal-dialog\">\n<div class=\"modal-content\">\n<div class=\"modal-body\">\n<p><strong>Estimado usu\u00e1rio.<\/strong><br \/>Preencha o formul\u00e1rio abaixo para remeter a p\u00e1gina.<\/p>\n<\/p><\/div>\n<\/p><\/div>\n<\/p><\/div>\n<\/div><\/div>\n<\/p><\/div>\n<\/p><\/div>\n<\/p><\/div>\n<\/p><\/div>\n<\/p><\/div>\n<div class=\"row justify-content-md-center mt-3\">\n<div class=\"col-lg-auto col-image block-news-main-image\">\n<p>                                <img decoding=\"async\" src=\"https:\/\/www.agrolink.com.br\/upload\/imagens-resizes\/d3b6e55762b84b179d6b6b1e59000f6d_858x483.jpg\" class=\"lazyload img-fluid\"\/><br \/>\n                                                <span class=\"publicity-photo d-block mt-1\">Foto: Pixabay<\/span><\/p><\/div>\n<\/p><\/div>\n<div class=\"section-description section-description-noticias mt-3\">\n<p style=\"text-align:justify\">Na ter\u00e7a-feira (14\/10), a partir das 13h30, acontece mais uma edi\u00e7\u00e3o do Semin\u00e1rio de Irriga\u00e7\u00e3o no munic\u00edpio de Constantina, regi\u00e3o do Alto Uruguai. A apresenta\u00e7\u00e3o tem como objetivo falar sobre a import\u00e2ncia da irriga\u00e7\u00e3o e o aumento da produtividade, assim como o Programa Irriga+ RS lan\u00e7ado em 2023 pelo governo do Estado, as normas ambientais vigentes e a apresenta\u00e7\u00e3o de cases de sucesso de produtores rurais.<\/p>\n<p>O evento tem entrada gratuita e acontece no Centro Cultural Jos\u00e9 Rugeri. O semin\u00e1rio \u00e9 uma realiza\u00e7\u00e3o das Secretarias da Agricultura, Pecu\u00e1ria, Produ\u00e7\u00e3o Sustent\u00e1vel e Irriga\u00e7\u00e3o (Seapi) e Meio Ambiente e Infraestrutura (Sema) e Emater\/RS-Ascar, com apoio da Prefeitura Municipal de Constantina e entidades parceiras.<\/p>\n<p>A programa\u00e7\u00e3o conta com a participa\u00e7\u00e3o da Seapi apresentando os resultados do Programa Irriga+ RS, que encerrou o \u00faltimo edital em julho deste ano e agora est\u00e1 na etapa de estrutura\u00e7\u00e3o de uma nova fase. O programa prev\u00ea apoio financeiro direto ao produtor rural e tem como objetivo mitigar os efeitos da estiagem na produ\u00e7\u00e3o das culturas ga\u00fachas, principalmente no milho, soja, pastagem, entre outras.<\/p>\n<p>Durante o evento, o t\u00e9cnico da Emater\/RS-Ascar Carlos Roberto Olczevski vai abordar o tema &#8220;O clima demonstra que irrigar \u00e9 preciso e manejar bem o sistema de irriga\u00e7\u00e3o \u00e9 necess\u00e1rio para obter bons resultados&#8221;. Tamb\u00e9m ser\u00e3o apresentados cases de sucesso de irriga\u00e7\u00e3o, como forma de troca de experi\u00eancias entre produtores. Um dos cases \u00e9 sobre irriga\u00e7\u00e3o por gotejamento de pomares de citros, apresentado por Ronei Sabadini, de Constatina, e o outro sobre irriga\u00e7\u00e3o por aspers\u00e3o de pastagens, apresentado pela fam\u00edlia de Adrieli Agatti Marcolan e Fabiano Cervo, de Novo Xingu.<\/p>\n<p>SERVI\u00c7O<\/p>\n<p>O qu\u00ea: Semin\u00e1rio de Irriga\u00e7\u00e3o em Constantina<br \/>&#13;<br \/>\nQuando: ter\u00e7a-feira (14\/10), \u00e0s 13h30<br \/>&#13;<br \/>\nOnde: Centro Cultural Jos\u00e9 Rugeri (Rua Jo\u00e3o Mafessoni, 450)<\/p>\n<p>\u00a0&#13;\n<\/p>\n<\/p><\/div>\n<\/p><\/div>\n<p><script data-cfasync=\"false\">\n    !function (f, b, e, v, n, t, s) {\n        if (f.fbq) return; n = f.fbq = function () {\n            n.callMethod ?\n                n.callMethod.apply(n, arguments) : n.queue.push(arguments)\n        };\n        if (!f._fbq) f._fbq = n; n.push = n; n.loaded = !0; n.version = '2.0';\n        n.queue = []; t = b.createElement(e); t.async = !0;\n        t.src = v; s = b.getElementsByTagName(e)[0];\n        s.parentNode.insertBefore(t, s)\n    }(window, document, 'script',\n        'https:\/\/connect.facebook.net\/en_US\/fbevents.js');\n    fbq('init', '522546078623747');\n    fbq('track', 'PageView');\n<\/script><br \/>\n<br \/><br \/>\n<br \/><a href=\"https:\/\/www.agrolink.com.br\/noticias\/seminario-de-irrigacao-acontece-na-proxima-terca-feira-em-constantina_506772.html\">Source link <\/a><\/p>\n","protected":false},"excerpt":{"rendered":"<p>&#13; O evento tem entrada gratuita e acontece no Centro Cultural Jos\u00e9 Rugeri.&#13; &#13; Emater\/RS&#13; &#13; &#13; Publicado em 09\/10\/2025<\/p>\n","protected":false},"author":1,"featured_media":21761,"comment_status":"open","ping_status":"open","sticky":false,"template":"","format":"standard","meta":{"_monsterinsights_skip_tracking":false,"_monsterinsights_sitenote_active":false,"_monsterinsights_sitenote_note":"","_monsterinsights_sitenote_category":0,"_uf_show_specific_survey":0,"_uf_disable_surveys":false,"footnotes":""},"categories":[8,1,14],"tags":[],"class_list":["post-21760","post","type-post","status-publish","format-standard","has-post-thumbnail","hentry","category-agro","category-news","category-politica-agro"],"_links":{"self":[{"href":"https:\/\/agromt.news\/index.php?rest_route=\/wp\/v2\/posts\/21760"}],"collection":[{"href":"https:\/\/agromt.news\/index.php?rest_route=\/wp\/v2\/posts"}],"about":[{"href":"https:\/\/agromt.news\/index.php?rest_route=\/wp\/v2\/types\/post"}],"author":[{"embeddable":true,"href":"https:\/\/agromt.news\/index.php?rest_route=\/wp\/v2\/users\/1"}],"replies":[{"embeddable":true,"href":"https:\/\/agromt.news\/index.php?rest_route=%2Fwp%2Fv2%2Fcomments&post=21760"}],"version-history":[{"count":0,"href":"https:\/\/agromt.news\/index.php?rest_route=\/wp\/v2\/posts\/21760\/revisions"}],"wp:featuredmedia":[{"embeddable":true,"href":"https:\/\/agromt.news\/index.php?rest_route=\/wp\/v2\/media\/21761"}],"wp:attachment":[{"href":"https:\/\/agromt.news\/index.php?rest_route=%2Fwp%2Fv2%2Fmedia&parent=21760"}],"wp:term":[{"taxonomy":"category","embeddable":true,"href":"https:\/\/agromt.news\/index.php?rest_route=%2Fwp%2Fv2%2Fcategories&post=21760"},{"taxonomy":"post_tag","embeddable":true,"href":"https:\/\/agromt.news\/index.php?rest_route=%2Fwp%2Fv2%2Ftags&post=21760"}],"curies":[{"name":"wp","href":"https:\/\/api.w.org\/{rel}","templated":true}]}}