{"id":21758,"date":"2025-10-09T05:04:43","date_gmt":"2025-10-09T09:04:43","guid":{"rendered":"https:\/\/agromt.news\/?p=21758"},"modified":"2025-10-09T05:04:43","modified_gmt":"2025-10-09T09:04:43","slug":"chuva-se-espalha-por-varios-estados-e-pode-haver-temporal-confira-a-previsao-do-tempo","status":"publish","type":"post","link":"https:\/\/agromt.news\/?p=21758","title":{"rendered":"Chuva se espalha por v\u00e1rios estados e pode haver temporal; confira a previs\u00e3o do tempo"},"content":{"rendered":"<p> <br \/>\n<br \/><img decoding=\"async\" src=\"https:\/\/agromt.news\/wp-content\/uploads\/2025\/03\/Chuvas-podem-alcancar-os-100-mm-nas-proximas-24-horas.jpg\" \/><\/p>\n<div>\n<p>Saiba como fica a previs\u00e3o do tempo em todas as regi\u00f5es do pa\u00eds  nesta quinta-feira (9) e veja onde vai ter chuva, de acordo com a an\u00e1lise da <strong><a href=\"https:\/\/www.canalrural.com.br\/autor\/climatempo\/\">Climatempo<\/a><\/strong>. <\/p>\n<div data-icp-cta=\"1\" id=\"icp-cta-unique\">Voc\u00ea quer entender como usar o clima a seu favor?<b> <\/b><a href=\"https:\/\/climacampo.canalrural.com.br\/climacampo_-01\">Preparamos um e-book exclusivo<\/a> para ajudar produtores rurais a se antecipar \u00e0s mudan\u00e7as do tempo e planejar melhor suas a\u00e7\u00f5es. Com base em previs\u00f5es meteorol\u00f3gicas confi\u00e1veis, ele oferece orienta\u00e7\u00f5es pr\u00e1ticas para proteger sua lavoura e otimizar seus resultados.<\/div>\n<h2 class=\"wp-block-heading\" id=\"h-sul\">Sul<\/h2>\n<p>O tempo permanece inst\u00e1vel no Paran\u00e1 e no norte e oeste de Santa Catarina, com fortes pancadas de chuva ao longo do dia. Tamb\u00e9m h\u00e1 chance de chuva no litoral catarinense. <\/p>\n<p>No Rio Grande do Sul, o tempo segue mais aberto. Em Santa Catarina e no centro-sul do Paran\u00e1, as temperaturas ficam mais baixas durante a tarde. Em Curitiba, a m\u00e1xima prevista \u00e9 de 13 \u00b0C, com previs\u00e3o de chuva cont\u00ednua ao longo do dia.<\/p>\n<h2 class=\"wp-block-heading\" id=\"h-sudeste\">Sudeste<\/h2>\n<p>As instabilidades se espalham sobre S\u00e3o Paulo, Rio de Janeiro, Tri\u00e2ngulo Mineiro e centro-sul e leste de Minas Gerais.<\/p>\n<p>Em algumas cidades do norte paulista h\u00e1 chance de chuva mais significativa, inclusive em \u00e1reas do nordeste do estado, na divisa com Minas Gerais. <\/p>\n<p>H\u00e1 risco de chuva forte e acumulados elevados no litoral de S\u00e3o Paulo e o do Rio de Janeiro. <\/p>\n<p>No Esp\u00edrito Santo, a entrada de umidade mar\u00edtima favorece a forma\u00e7\u00e3o de nuvens carregadas ao longo do dia.<\/p>\n<h2 class=\"wp-block-heading\" id=\"h-centro-oeste\">Centro-Oeste<\/h2>\n<p>As \u00e1reas de instabilidade continuam ativas no sul, leste, norte e interior de Mato Grosso do Sul, al\u00e9m da faixa norte e central de Mato Grosso e de \u00e1reas do centro e sul de Goi\u00e1s. A combina\u00e7\u00e3o de calor e umidade atmosf\u00e9rica mant\u00e9m as condi\u00e7\u00f5es para chuva isolada. <\/p>\n<p>As temperaturas seguem elevadas em toda a regi\u00e3o. Em Goi\u00e1s e no leste de Mato Grosso, a umidade relativa do ar permanece baixa, especialmente durante a tarde.<\/p>\n<h2 class=\"wp-block-heading\" id=\"h-nordeste\">Nordeste<\/h2>\n<p>A chuva continua atuando na faixa leste da regi\u00e3o, com maior intensidade no litoral da Bahia e de Pernambuco. Tamb\u00e9m h\u00e1 chance de chuva no agreste baiano. <\/p>\n<p>No interior, podem ocorrer pancadas isoladas no sul do Maranh\u00e3o, na divisa com o Tocantins. <\/p>\n<p>As temperaturas permanecem elevadas, com calor intenso e baixa umidade relativa do ar nas \u00e1reas mais afastadas do litoral.<\/p>\n<h2 class=\"wp-block-heading\" id=\"h-norte\">Norte<\/h2>\n<p>Os temporais continuam atuando em Roraima, Amazonas e Par\u00e1. No Amap\u00e1 e no Acre, o tempo segue mais aberto. <\/p>\n<p>Algumas pancadas de chuva podem avan\u00e7ar do Par\u00e1 em dire\u00e7\u00e3o ao Tocantins, variando entre intensidade moderada e pontualmente forte. <\/p>\n<p>Em Rond\u00f4nia, o tempo fica mais firme, mas ainda h\u00e1 chance de pancadas isoladas nas \u00e1reas pr\u00f3ximas \u00e0 divisa com Mato Grosso e Amazonas.<\/p>\n<\/p><\/div>\n<p><br \/>\n<br \/><a href=\"https:\/\/www.canalrural.com.br\/tempo\/chuva-se-espalha-por-varios-estados-e-pode-haver-temporal-confira-a-previsao-do-tempo\/\">Source link <\/a><\/p>\n","protected":false},"excerpt":{"rendered":"<p>Saiba como fica a previs\u00e3o do tempo em todas as regi\u00f5es do pa\u00eds nesta quinta-feira (9) e veja onde vai<\/p>\n","protected":false},"author":1,"featured_media":10576,"comment_status":"open","ping_status":"open","sticky":false,"template":"","format":"standard","meta":{"_monsterinsights_skip_tracking":false,"_monsterinsights_sitenote_active":false,"_monsterinsights_sitenote_note":"","_monsterinsights_sitenote_category":0,"_uf_show_specific_survey":0,"_uf_disable_surveys":false,"footnotes":""},"categories":[1],"tags":[],"class_list":["post-21758","post","type-post","status-publish","format-standard","has-post-thumbnail","hentry","category-news"],"_links":{"self":[{"href":"https:\/\/agromt.news\/index.php?rest_route=\/wp\/v2\/posts\/21758"}],"collection":[{"href":"https:\/\/agromt.news\/index.php?rest_route=\/wp\/v2\/posts"}],"about":[{"href":"https:\/\/agromt.news\/index.php?rest_route=\/wp\/v2\/types\/post"}],"author":[{"embeddable":true,"href":"https:\/\/agromt.news\/index.php?rest_route=\/wp\/v2\/users\/1"}],"replies":[{"embeddable":true,"href":"https:\/\/agromt.news\/index.php?rest_route=%2Fwp%2Fv2%2Fcomments&post=21758"}],"version-history":[{"count":0,"href":"https:\/\/agromt.news\/index.php?rest_route=\/wp\/v2\/posts\/21758\/revisions"}],"wp:featuredmedia":[{"embeddable":true,"href":"https:\/\/agromt.news\/index.php?rest_route=\/wp\/v2\/media\/10576"}],"wp:attachment":[{"href":"https:\/\/agromt.news\/index.php?rest_route=%2Fwp%2Fv2%2Fmedia&parent=21758"}],"wp:term":[{"taxonomy":"category","embeddable":true,"href":"https:\/\/agromt.news\/index.php?rest_route=%2Fwp%2Fv2%2Fcategories&post=21758"},{"taxonomy":"post_tag","embeddable":true,"href":"https:\/\/agromt.news\/index.php?rest_route=%2Fwp%2Fv2%2Ftags&post=21758"}],"curies":[{"name":"wp","href":"https:\/\/api.w.org\/{rel}","templated":true}]}}