{"id":21755,"date":"2025-10-09T00:59:34","date_gmt":"2025-10-09T04:59:34","guid":{"rendered":"https:\/\/agromt.news\/?p=21755"},"modified":"2025-10-09T00:59:34","modified_gmt":"2025-10-09T04:59:34","slug":"milho-tem-semeadura-adiantada-e-bom-desenvolvimento","status":"publish","type":"post","link":"https:\/\/agromt.news\/?p=21755","title":{"rendered":"Milho tem semeadura adiantada e bom desenvolvimento"},"content":{"rendered":"<p> <br \/>\n<\/p>\n<div>\n<p style=\"text-align:justify\">De acordo com o Informativo Conjuntural divulgado pela Emater\/RS-Ascar na \u00faltima quinta-feira (2), as condi\u00e7\u00f5es clim\u00e1ticas com dias secos e boa luminosidade favoreceram o avan\u00e7o da semeadura do milho em todas as regi\u00f5es do Estado, que alcan\u00e7ou 72% da \u00e1rea prevista. A umidade adequada do solo possibilitou a aplica\u00e7\u00e3o de aduba\u00e7\u00e3o nitrogenada em cobertura nas lavouras em est\u00e1gios entre V6 e V7, al\u00e9m do manejo de plantas daninhas em \u00e1reas mais recentes, nos est\u00e1gios V2 a V4.&#13;\n<\/p>\n<p style=\"text-align:justify\">O monitoramento da <a href=\"https:\/\/www.agrolink.com.br\/agrolinkfito\/manejo-integrado\/manejo-integrado-de-pragas\/controle--manejo-integrado--da-cigarrinha-do-milho--dalbulus-maidis-_485243.html\" target=\"_blank\" rel=\"noopener\">cigarrinha-do-milho<\/a>, realizado pela Emater\/RS-Ascar em conjunto com os produtores, apontou aumento da incid\u00eancia da praga na regi\u00e3o do Alto Uruguai. Tamb\u00e9m foi registrado crescimento na presen\u00e7a de percevejos. Nesse contexto, a aplica\u00e7\u00e3o de <a href=\"https:\/\/www.agrolink.com.br\/agrolinkfito\/tecnologia-de-aplicacao\/aplicacao-terrestre\/como-realizar-a-aplicacao-de-inseticidas-_480508.html\" target=\"_blank\" rel=\"noopener\">Inseticidas<\/a> combinada ao uso de herbicidas tem sido adotada como alternativa para reduzir custos. Segundo dados preliminares da Emater\/RS-Ascar, a \u00e1rea cultivada com <a href=\"https:\/\/www.agrolink.com.br\/culturas\/milho?utm_source=agrolink-detalhe-noticia&amp;utm_medium=detalhe-noticia&amp;utm_campaign=links-internos&#9;\" target=\"_blank\" rel=\"noopener\">milho<\/a> na safra 2025\/2026 deve alcan\u00e7ar 785.030 hectares, com produtividade estimada em 7.376 kg por hectare.<\/p>\n<p style=\"text-align:justify\">Na regi\u00e3o administrativa de Bag\u00e9, na Fronteira Oeste, o tempo seco e a luminosidade favoreceram o desenvolvimento das lavouras e o avan\u00e7o da semeadura, inclusive em \u00e1reas de replantio. Em Ma\u00e7ambar\u00e1, 93% dos 3 mil hectares previstos j\u00e1 foram plantados. Em S\u00e3o Borja, o plantio est\u00e1 praticamente encerrado, restando apenas \u00e1reas de terras baixas ainda com excesso de umidade. Os produtores t\u00eam realizado o controle de ervas daninhas com herbicidas e a aplica\u00e7\u00e3o de fertilizantes nitrogenados e pot\u00e1ssicos em cobertura. O monitoramento da cigarrinha-do-milho na regi\u00e3o indica baixa incid\u00eancia do inseto.<\/p>\n<p style=\"text-align:justify\">Na regi\u00e3o de Caxias do Sul, a semeadura segue em andamento, mas a germina\u00e7\u00e3o tem ocorrido de forma lenta devido \u00e0s temperaturas mais baixas, principalmente nos Campos de Cima da Serra, onde se concentram as maiores \u00e1reas de cultivo. Em Erechim, 90% da \u00e1rea foi semeada, e as lavouras apresentam bom desenvolvimento. Nas \u00e1reas mais adiantadas, iniciou-se a aplica\u00e7\u00e3o da aduba\u00e7\u00e3o nitrogenada em cobertura.&#13;\n<\/p>\n<p style=\"text-align:justify\">Na regi\u00e3o de Iju\u00ed, a semeadura j\u00e1 atinge 94% da \u00e1rea projetada. As lavouras apresentam emerg\u00eancia uniforme, com poucas falhas. Apesar de danos pontuais nas folhas causados por chuvas intensas no per\u00edodo anterior, o potencial produtivo n\u00e3o foi comprometido. As lavouras mais avan\u00e7adas est\u00e3o nos est\u00e1gios V6 a V7 e recebem aduba\u00e7\u00e3o nitrogenada, enquanto aquelas nos est\u00e1gios V2 a V4 passam por aplica\u00e7\u00e3o de herbicidas. O monitoramento indica baixa incid\u00eancia da cigarrinha-do-milho.<\/p>\n<p style=\"text-align:justify\">Em Santa Rosa, 87% da \u00e1rea foi semeada, e as lavouras est\u00e3o em fase de crescimento vegetativo. As condi\u00e7\u00f5es clim\u00e1ticas, com chuvas regulares e temperaturas adequadas, t\u00eam favorecido o desenvolvimento das plantas. Em Garruchos, n\u00e3o foi detectada presen\u00e7a da cigarrinha-do-milho nas armadilhas de monitoramento, mas em outros munic\u00edpios, como Guarani das Miss\u00f5es, h\u00e1 registros da praga.<\/p>\n<p style=\"text-align:justify\">Na regi\u00e3o de Soledade, o plantio do milho precoce foi conclu\u00eddo, representando 60% da \u00e1rea cultivada. O preparo das \u00e1reas para o plantio intermedi\u00e1rio est\u00e1 em andamento. As lavouras rec\u00e9m-semeadas apresentam germina\u00e7\u00e3o e emerg\u00eancia adequadas. O monitoramento da cigarrinha-do-milho \u00e9 constante, e em casos pontuais h\u00e1 aplica\u00e7\u00e3o preventiva de inseticidas. Tamb\u00e9m \u00e9 feito o acompanhamento de pragas como grilos e percevejos. As primeiras \u00e1reas implantadas j\u00e1 come\u00e7aram a receber a aduba\u00e7\u00e3o nitrogenada em cobertura.&#13;\n<\/p>\n<\/p><\/div>\n<p><script data-cfasync=\"false\">\n    !function (f, b, e, v, n, t, s) {\n        if (f.fbq) return; n = f.fbq = function () {\n            n.callMethod ?\n                n.callMethod.apply(n, arguments) : n.queue.push(arguments)\n        };\n        if (!f._fbq) f._fbq = n; n.push = n; n.loaded = !0; n.version = '2.0';\n        n.queue = []; t = b.createElement(e); t.async = !0;\n        t.src = v; s = b.getElementsByTagName(e)[0];\n        s.parentNode.insertBefore(t, s)\n    }(window, document, 'script',\n        'https:\/\/connect.facebook.net\/en_US\/fbevents.js');\n    fbq('init', '522546078623747');\n    fbq('track', 'PageView');\n<\/script><br \/>\n<br \/><br \/>\n<br \/><a href=\"https:\/\/www.agrolink.com.br\/noticias\/milho-tem-semeadura-adiantada-e-bom-desenvolvimento_506696.html\">Source link <\/a><\/p>\n","protected":false},"excerpt":{"rendered":"<p>De acordo com o Informativo Conjuntural divulgado pela Emater\/RS-Ascar na \u00faltima quinta-feira (2), as condi\u00e7\u00f5es clim\u00e1ticas com dias secos e<\/p>\n","protected":false},"author":1,"featured_media":19117,"comment_status":"open","ping_status":"open","sticky":false,"template":"","format":"standard","meta":{"_monsterinsights_skip_tracking":false,"_monsterinsights_sitenote_active":false,"_monsterinsights_sitenote_note":"","_monsterinsights_sitenote_category":0,"_uf_show_specific_survey":0,"_uf_disable_surveys":false,"footnotes":""},"categories":[8,1,14],"tags":[],"class_list":["post-21755","post","type-post","status-publish","format-standard","has-post-thumbnail","hentry","category-agro","category-news","category-politica-agro"],"_links":{"self":[{"href":"https:\/\/agromt.news\/index.php?rest_route=\/wp\/v2\/posts\/21755"}],"collection":[{"href":"https:\/\/agromt.news\/index.php?rest_route=\/wp\/v2\/posts"}],"about":[{"href":"https:\/\/agromt.news\/index.php?rest_route=\/wp\/v2\/types\/post"}],"author":[{"embeddable":true,"href":"https:\/\/agromt.news\/index.php?rest_route=\/wp\/v2\/users\/1"}],"replies":[{"embeddable":true,"href":"https:\/\/agromt.news\/index.php?rest_route=%2Fwp%2Fv2%2Fcomments&post=21755"}],"version-history":[{"count":0,"href":"https:\/\/agromt.news\/index.php?rest_route=\/wp\/v2\/posts\/21755\/revisions"}],"wp:featuredmedia":[{"embeddable":true,"href":"https:\/\/agromt.news\/index.php?rest_route=\/wp\/v2\/media\/19117"}],"wp:attachment":[{"href":"https:\/\/agromt.news\/index.php?rest_route=%2Fwp%2Fv2%2Fmedia&parent=21755"}],"wp:term":[{"taxonomy":"category","embeddable":true,"href":"https:\/\/agromt.news\/index.php?rest_route=%2Fwp%2Fv2%2Fcategories&post=21755"},{"taxonomy":"post_tag","embeddable":true,"href":"https:\/\/agromt.news\/index.php?rest_route=%2Fwp%2Fv2%2Ftags&post=21755"}],"curies":[{"name":"wp","href":"https:\/\/api.w.org\/{rel}","templated":true}]}}