{"id":21754,"date":"2025-10-08T23:03:19","date_gmt":"2025-10-09T03:03:19","guid":{"rendered":"https:\/\/agromt.news\/?p=21754"},"modified":"2025-10-08T23:03:19","modified_gmt":"2025-10-09T03:03:19","slug":"estoques-de-soja-caem-mais-de-30-em-mt-e-acendem-alerta-para-o-mercado","status":"publish","type":"post","link":"https:\/\/agromt.news\/?p=21754","title":{"rendered":"Estoques de soja caem mais de 30% em MT e acendem alerta para o mercado"},"content":{"rendered":"<p> <br \/>\n<\/p>\n<div>\n<div class=\"row\">\n<div class=\"col-lg col-infos mt-0 mt-lg-0\">\n<div class=\"section-sub-title\">\n<p itemprop=\"description\">&#13;<br \/>\n                                Em contrapartida, o consumo interestadual apresentou avan\u00e7o&#13;\n                            <\/p>\n<\/p><\/div>\n<div class=\"container\">\n<div class=\"row\">\n<div class=\"col-lg p-0\">\n<div>\n<div class=\"block-news-main-infos mt-3 text-start\">\n<p>                                            <strong class=\"fn\" itemprop=\"author\" style=\"color: rgb(112, 112, 112); \">&#13;<br \/>\n                                                <a href=\"https:\/\/www.agrolink.com.br\/noticias\/javascript:;\" class=\"text-uppercase\" target=\"_blank\" style=\"color: rgb(112, 112, 112); \" rel=\"noopener\">Agrolink<\/a>&#13;<br \/>\n&#13;<br \/>\n                                                    &#8211; Aline Merladete&#13;<br \/>\n&#13;<br \/>\n                                            <\/strong><br \/>\n                                        <\/p>\n<p>                                            <abbr><time datetime=\"2025 - 10 - 07T14:37\" itemprop=\"datePublished dateModified\"> Publicado em 07\/10\/2025 \u00e0s 14:37h.<\/time><\/abbr>\n                                    <\/div>\n<\/p><\/div>\n<\/p><\/div>\n<div class=\"col-lg p-0 text-lg-end\">\n<div>\n<div id=\"mdEnviarPagina\" class=\"modal fade\" role=\"dialog\">\n<div class=\"modal-dialog\">\n<div class=\"modal-content\">\n<div class=\"modal-body\">\n<p><strong>Estimado usu\u00e1rio.<\/strong><br \/>Preencha o formul\u00e1rio abaixo para remeter a p\u00e1gina.<\/p>\n<\/p><\/div>\n<\/p><\/div>\n<\/p><\/div>\n<\/div><\/div>\n<\/p><\/div>\n<\/p><\/div>\n<\/p><\/div>\n<\/p><\/div>\n<\/p><\/div>\n<div class=\"row justify-content-md-center mt-3\">\n<div class=\"col-lg-auto col-image block-news-main-image\">\n<p>                                <img decoding=\"async\" src=\"https:\/\/www.agrolink.com.br\/upload\/imagens-resizes\/4f51262166b947da8c3610ae71913816_858x483.jpg\" class=\"lazyload img-fluid\"\/><br \/>\n                                                <span class=\"publicity-photo d-block mt-1\">Foto: Expodireto Cotrijal<\/span><\/p><\/div>\n<\/p><\/div>\n<div class=\"section-description section-description-noticias mt-3\">\n<p style=\"text-align:justify\">O Instituto Mato-Grossense de Economia Agropecu\u00e1ria (Imea) atualizou, em outubro de 2025, os dados da demanda de <a href=\"https:\/\/www.agrolink.com.br\/culturas\/soja?utm_source=agrolink-detalhe-noticia&amp;utm_medium=detalhe-noticia&amp;utm_campaign=links-internos\" target=\"_blank\" rel=\"noopener\">soja<\/a> no estado. As exporta\u00e7\u00f5es para a safra 2024\/25 foram reduzidas em 0,97% em rela\u00e7\u00e3o ao relat\u00f3rio de setembro, totalizando agora 30,50 milh\u00f5es de toneladas. Em contrapartida, o consumo interestadual apresentou avan\u00e7o expressivo de 11,99%, atingindo 6,54 milh\u00f5es de toneladas.\u00a0Estoques finais ca\u00edram mais de 30% no comparativo mensal.&#13;\n<\/p>\n<p style=\"text-align:justify\">O consumo interno tamb\u00e9m subiu, embora de forma mais moderada, com alta de 0,32% e estimativa de 13,03 milh\u00f5es de toneladas. Esse movimento \u00e9 atribu\u00eddo \u00e0 amplia\u00e7\u00e3o da capacidade das ind\u00fastrias esmagadoras no estado, que v\u00eam ampliando sua participa\u00e7\u00e3o na demanda total pela oleaginosa.<\/p>\n<p style=\"text-align:justify\">A combina\u00e7\u00e3o entre alta na demanda e redu\u00e7\u00e3o nas exporta\u00e7\u00f5es provocou queda acentuada nos estoques finais da safra 2024\/25, que foram projetados em 0,92 milh\u00e3o de toneladas \u2014 recuo de 32,42% em compara\u00e7\u00e3o ao m\u00eas anterior. Para a safra 2025\/26, o cen\u00e1rio tamb\u00e9m foi ajustado. As exporta\u00e7\u00f5es foram novamente revistas para baixo, com recuo de 1,67%, ficando estimadas em 29,33 milh\u00f5es de toneladas. J\u00e1 os volumes de consumo interestadual e interno foram mantidos em 4,54 milh\u00f5es e 13,24 milh\u00f5es de toneladas, respectivamente.&#13;\n<\/p>\n<p style=\"text-align:justify\">A diferen\u00e7a na din\u00e2mica da nova safra aparece nos estoques finais, que registraram alta de 5,92% frente \u00e0 proje\u00e7\u00e3o anterior e est\u00e3o agora estimados em 1 milh\u00e3o de toneladas. O Imea atribui essa eleva\u00e7\u00e3o ao ritmo lento da comercializa\u00e7\u00e3o da soja at\u00e9 o momento.\u00a0Para produtores e ind\u00fastrias, o cen\u00e1rio sinaliza a import\u00e2ncia de monitorar o ritmo de comercializa\u00e7\u00e3o e o comportamento das exporta\u00e7\u00f5es na virada entre as safras 2024\/25 e 2025\/26.<\/p>\n<p style=\"text-align:justify\">\u00a0<\/p>\n<\/p><\/div>\n<\/p><\/div>\n<p><script data-cfasync=\"false\">\n    !function (f, b, e, v, n, t, s) {\n        if (f.fbq) return; n = f.fbq = function () {\n            n.callMethod ?\n                n.callMethod.apply(n, arguments) : n.queue.push(arguments)\n        };\n        if (!f._fbq) f._fbq = n; n.push = n; n.loaded = !0; n.version = '2.0';\n        n.queue = []; t = b.createElement(e); t.async = !0;\n        t.src = v; s = b.getElementsByTagName(e)[0];\n        s.parentNode.insertBefore(t, s)\n    }(window, document, 'script',\n        'https:\/\/connect.facebook.net\/en_US\/fbevents.js');\n    fbq('init', '522546078623747');\n    fbq('track', 'PageView');\n<\/script><br \/>\n<br \/><br \/>\n<br \/><a href=\"https:\/\/www.agrolink.com.br\/noticias\/estoques-de-soja-caem-mais-de-30--em-mt-e-acendem-alerta-para-o-mercado_506698.html\">Source link <\/a><\/p>\n","protected":false},"excerpt":{"rendered":"<p>&#13; Em contrapartida, o consumo interestadual apresentou avan\u00e7o&#13; &#13; Agrolink&#13; &#13; &#8211; Aline Merladete&#13; &#13; Publicado em 07\/10\/2025 \u00e0s 14:37h.<\/p>\n","protected":false},"author":1,"featured_media":4674,"comment_status":"open","ping_status":"open","sticky":false,"template":"","format":"standard","meta":{"_monsterinsights_skip_tracking":false,"_monsterinsights_sitenote_active":false,"_monsterinsights_sitenote_note":"","_monsterinsights_sitenote_category":0,"_uf_show_specific_survey":0,"_uf_disable_surveys":false,"footnotes":""},"categories":[8,1,14],"tags":[],"class_list":["post-21754","post","type-post","status-publish","format-standard","has-post-thumbnail","hentry","category-agro","category-news","category-politica-agro"],"_links":{"self":[{"href":"https:\/\/agromt.news\/index.php?rest_route=\/wp\/v2\/posts\/21754"}],"collection":[{"href":"https:\/\/agromt.news\/index.php?rest_route=\/wp\/v2\/posts"}],"about":[{"href":"https:\/\/agromt.news\/index.php?rest_route=\/wp\/v2\/types\/post"}],"author":[{"embeddable":true,"href":"https:\/\/agromt.news\/index.php?rest_route=\/wp\/v2\/users\/1"}],"replies":[{"embeddable":true,"href":"https:\/\/agromt.news\/index.php?rest_route=%2Fwp%2Fv2%2Fcomments&post=21754"}],"version-history":[{"count":0,"href":"https:\/\/agromt.news\/index.php?rest_route=\/wp\/v2\/posts\/21754\/revisions"}],"wp:featuredmedia":[{"embeddable":true,"href":"https:\/\/agromt.news\/index.php?rest_route=\/wp\/v2\/media\/4674"}],"wp:attachment":[{"href":"https:\/\/agromt.news\/index.php?rest_route=%2Fwp%2Fv2%2Fmedia&parent=21754"}],"wp:term":[{"taxonomy":"category","embeddable":true,"href":"https:\/\/agromt.news\/index.php?rest_route=%2Fwp%2Fv2%2Fcategories&post=21754"},{"taxonomy":"post_tag","embeddable":true,"href":"https:\/\/agromt.news\/index.php?rest_route=%2Fwp%2Fv2%2Ftags&post=21754"}],"curies":[{"name":"wp","href":"https:\/\/api.w.org\/{rel}","templated":true}]}}