{"id":21715,"date":"2025-10-08T12:26:13","date_gmt":"2025-10-08T16:26:13","guid":{"rendered":"https:\/\/agromt.news\/?p=21715"},"modified":"2025-10-08T12:26:13","modified_gmt":"2025-10-08T16:26:13","slug":"cultivo-foi-excelente-com-produtividade-recorde-esperamos-nova-safra-positiva-diz-presidente-da-aprosoja-rr","status":"publish","type":"post","link":"https:\/\/agromt.news\/?p=21715","title":{"rendered":"&#8216;Cultivo foi excelente, com produtividade recorde. Esperamos nova safra positiva&#8217;, diz presidente da Aprosoja RR"},"content":{"rendered":"<p> <br \/>\n<br \/><img decoding=\"async\" src=\"https:\/\/agromt.news\/wp-content\/uploads\/2025\/09\/Soja-2526-tem-lucratividade-projetada-pelo-20o-ano-consecutivo-aponta.jpg\" \/><\/p>\n<div>\n<p>Em Roraima, o <a href=\"https:\/\/www.canalrural.com.br\/?s=plantio+de+soja\">calend\u00e1rio da soja <\/a>\u00e9 inverso ao restante do Brasil. O vazio sanit\u00e1rio vai at\u00e9 18 de mar\u00e7o de 2026, e o <a href=\"https:\/\/www.canalrural.com.br\/agricultura\/projeto-soja-brasil\/plantio-de-soja-atinge-82-no-brasil-veja-avanco-por-estado\/\">plantio <\/a>come\u00e7a no dia 19. Segundo o presidente da<a href=\"https:\/\/aprosojarr.com.br\/\"> Aprosoja-RR<\/a>, Murilo Ferrari, isso ocorre porque o estado est\u00e1 no Hemisf\u00e9rio Norte. \u201cSomos mais parecidos com os Estados Unidos nos trabalhos\u201d, explica.<\/p>\n<ul class=\"wp-block-list\">\n<li><strong><em>Fique por dentro das novidades e not\u00edcias recentes sobre a soja! Participe da nossa comunidade atrav\u00e9s do\u00a0<a href=\"https:\/\/chat.whatsapp.com\/BmMRwA0TZ2DHGyhzoaVEWu\">link<\/a>! \ud83c\udf31<\/em><\/strong><\/li>\n<\/ul>\n<p><iframe title=\"RR: Com calend\u00e1rio diferente, presidente da Aprosoja comenta perspectivas para a soja no estado\" width=\"800\" height=\"450\" src=\"https:\/\/www.youtube.com\/embed\/KwBq7A0_n0s?feature=oembed\" frameborder=\"0\" allow=\"accelerometer; autoplay; clipboard-write; encrypted-media; gyroscope; picture-in-picture; web-share\" referrerpolicy=\"strict-origin-when-cross-origin\" allowfullscreen><\/iframe><\/p>\n<p>Neste ano, o cultivo foi favorecido por um clima excelente, com sol durante o dia e chuvas \u00e0 noite, o que resultou em m\u00e9dias recordes de produtividade nas propriedades. Ferrari destaca que as principais doen\u00e7as, como antracnose e mancha-alvo, foram controladas com fungicidas, e que a mosca-branca, praga mais comum no fim do ciclo, est\u00e1 sob controle.<\/p>\n<p>Para a safra 2025\/26, a expectativa \u00e9 positiva, com bom desempenho produtivo e novos investimentos no setor.<\/p>\n<\/p><\/div>\n<p><br \/>\n<br \/><a href=\"https:\/\/www.canalrural.com.br\/agricultura\/projeto-soja-brasil\/cultivo-foi-excelente-com-boa-produtividade-esperamos-nova-safra-positiva-diz-o-presidente-da-aprosoja-rr\/\">Source link <\/a><\/p>\n","protected":false},"excerpt":{"rendered":"<p>Em Roraima, o calend\u00e1rio da soja \u00e9 inverso ao restante do Brasil. O vazio sanit\u00e1rio vai at\u00e9 18 de mar\u00e7o<\/p>\n","protected":false},"author":1,"featured_media":20782,"comment_status":"open","ping_status":"open","sticky":false,"template":"","format":"standard","meta":{"_monsterinsights_skip_tracking":false,"_monsterinsights_sitenote_active":false,"_monsterinsights_sitenote_note":"","_monsterinsights_sitenote_category":0,"_uf_show_specific_survey":0,"_uf_disable_surveys":false,"footnotes":""},"categories":[1],"tags":[],"class_list":["post-21715","post","type-post","status-publish","format-standard","has-post-thumbnail","hentry","category-news"],"_links":{"self":[{"href":"https:\/\/agromt.news\/index.php?rest_route=\/wp\/v2\/posts\/21715"}],"collection":[{"href":"https:\/\/agromt.news\/index.php?rest_route=\/wp\/v2\/posts"}],"about":[{"href":"https:\/\/agromt.news\/index.php?rest_route=\/wp\/v2\/types\/post"}],"author":[{"embeddable":true,"href":"https:\/\/agromt.news\/index.php?rest_route=\/wp\/v2\/users\/1"}],"replies":[{"embeddable":true,"href":"https:\/\/agromt.news\/index.php?rest_route=%2Fwp%2Fv2%2Fcomments&post=21715"}],"version-history":[{"count":0,"href":"https:\/\/agromt.news\/index.php?rest_route=\/wp\/v2\/posts\/21715\/revisions"}],"wp:featuredmedia":[{"embeddable":true,"href":"https:\/\/agromt.news\/index.php?rest_route=\/wp\/v2\/media\/20782"}],"wp:attachment":[{"href":"https:\/\/agromt.news\/index.php?rest_route=%2Fwp%2Fv2%2Fmedia&parent=21715"}],"wp:term":[{"taxonomy":"category","embeddable":true,"href":"https:\/\/agromt.news\/index.php?rest_route=%2Fwp%2Fv2%2Fcategories&post=21715"},{"taxonomy":"post_tag","embeddable":true,"href":"https:\/\/agromt.news\/index.php?rest_route=%2Fwp%2Fv2%2Ftags&post=21715"}],"curies":[{"name":"wp","href":"https:\/\/api.w.org\/{rel}","templated":true}]}}