{"id":21710,"date":"2025-10-08T11:25:06","date_gmt":"2025-10-08T15:25:06","guid":{"rendered":"https:\/\/agromt.news\/?p=21710"},"modified":"2025-10-08T11:25:06","modified_gmt":"2025-10-08T15:25:06","slug":"fertilizantes-e-sementes-sobem-quase-o-dobro-da-inflacao-e-acendem-alerta-entre-sojicultores","status":"publish","type":"post","link":"https:\/\/agromt.news\/?p=21710","title":{"rendered":"Fertilizantes e sementes sobem quase o dobro da infla\u00e7\u00e3o e acendem alerta entre sojicultores"},"content":{"rendered":"<p> <br \/>\n<br \/><img decoding=\"async\" src=\"https:\/\/agromt.news\/wp-content\/uploads\/2024\/11\/Area-do-Parana-tem-plantio-da-soja-finalizado.jpg\" \/><\/p>\n<div>\n<p>A possibilidade de forma\u00e7\u00e3o do fen\u00f4meno <a href=\"https:\/\/www.canalrural.com.br\/?s=La+Ni%C3%B1a+\">La Ni\u00f1a <\/a>tem deixado os produtores de soja em alerta no Paran\u00e1. Mas o que mais preocupa, neste <a href=\"https:\/\/www.canalrural.com.br\/agricultura\/projeto-soja-brasil\/plantio-de-soja-atinge-82-no-brasil-veja-avanco-por-estado\/\">in\u00edcio de safra<\/a>, \u00e9 o aumento nos custos de produ\u00e7\u00e3o. <\/p>\n<ul class=\"wp-block-list\">\n<li><strong><em>Fique por dentro das novidades e not\u00edcias recentes sobre a soja! Participe da nossa comunidade atrav\u00e9s do\u00a0<a href=\"https:\/\/chat.whatsapp.com\/BmMRwA0TZ2DHGyhzoaVEWu\">link<\/a>! \ud83c\udf31<\/em><\/strong><\/li>\n<\/ul>\n<p>Os insumos mais caros s\u00e3o os fertilizantes e as sementes, que subiram, em m\u00e9dia, quase o dobro da infla\u00e7\u00e3o oficial medida pelo IPCA, atualmente em 5%.<\/p>\n<p><iframe title=\"Soja 25\/26: La Ni\u00f1a e custo de produ\u00e7\u00e3o preocupam produtores no Paran\u00e1\" width=\"800\" height=\"450\" src=\"https:\/\/www.youtube.com\/embed\/c2SrEK0pAsw?feature=oembed\" frameborder=\"0\" allow=\"accelerometer; autoplay; clipboard-write; encrypted-media; gyroscope; picture-in-picture; web-share\" referrerpolicy=\"strict-origin-when-cross-origin\" allowfullscreen><\/iframe><noscript><iframe title=\"Soja 25\/26: La Ni\u00f1a e custo de produ\u00e7\u00e3o preocupam produtores no Paran\u00e1\" width=\"800\" height=\"450\" src=\"https:\/\/www.youtube.com\/embed\/c2SrEK0pAsw?feature=oembed\" frameborder=\"0\" allow=\"accelerometer; autoplay; clipboard-write; encrypted-media; gyroscope; picture-in-picture; web-share\" referrerpolicy=\"strict-origin-when-cross-origin\" allowfullscreen><\/iframe><\/noscript><\/p>\n<h4 class=\"wp-block-heading\" id=\"h-plantio-de-soja-no-estado\">Plantio de soja no estado<\/h4>\n<p>O plantio da oleaginosa deve ser conclu\u00eddo at\u00e9 meados de janeiro de 2026. A previs\u00e3o \u00e9 de que a \u00e1rea cultivada alcance 5,79 milh\u00f5es de hectares, praticamente a mesma da safra anterior. Apesar da estabilidade na \u00e1rea, a margem de lucro tende a ser menor.<\/p>\n<p>\u201cOs custos de implementa\u00e7\u00e3o das lavouras est\u00e3o um pouco mais altos neste ciclo, com aumento estimado entre 5% e 8%, especialmente em fertilizantes e sementes, que s\u00e3o os principais componentes do custo do produtor\u201d, explica Edmar W. Gervasio, do Departamento de Economia Rural (Deral).<\/p>\n<p>\u201cOs pre\u00e7os de comercializa\u00e7\u00e3o, por outro lado, permanecem pr\u00f3ximos aos do ciclo passado, em torno de R$ 120 a R$ 121, o que deve reduzir a margem de rentabilidade.\u201d<\/p>\n<p>A maior concentra\u00e7\u00e3o de semeadura ocorre em outubro, principalmente na regi\u00e3o Sul do estado, respons\u00e1vel pela maior \u00e1rea de cultivo e estimada em 7 milh\u00f5es de toneladas. Em todo o Paran\u00e1, a produ\u00e7\u00e3o deve ultrapassar 22 milh\u00f5es de toneladas, representando um aumento de cerca de 4% em rela\u00e7\u00e3o \u00e0 colheita anterior.<\/p>\n<p>A expans\u00e3o da \u00e1rea de soja tem ocorrido, em boa parte, sobre pastagens e \u00e1reas antes destinadas ao feij\u00e3o. \u201cNeste ano, optamos por n\u00e3o fazer o feij\u00e3o de primeira safra por causa dos pre\u00e7os baixos observados no ano passado, tanto na safra quanto na safrinha. Assim, a \u00e1rea foi incorporada \u00e0 soja\u201d, relata o produtor rural Felipe Madalozzo.<\/p>\n<p>Diante do cen\u00e1rio de custos elevados e incertezas clim\u00e1ticas, os produtores de soja adotam uma postura mais cautelosa. Ao mesmo tempo, o mercado internacional pode favorecer o gr\u00e3o brasileiro, j\u00e1 que a China ainda n\u00e3o realizou compras da safra 2025\/26 dos Estados Unidos, o que tende a abrir espa\u00e7o para o produto nacional.<\/p>\n<h4 class=\"wp-block-heading\" id=\"h-la-nina-vem-ai\">La Ni\u00f1a vem a\u00ed?<\/h4>\n<p>Por outro lado, os modelos clim\u00e1ticos indicam a forma\u00e7\u00e3o do fen\u00f4meno La Ni\u00f1a, que pode alterar o regime de chuvas no Sul do pa\u00eds. \u201cIsso preocupa porque pode afetar o enchimento de gr\u00e3os e a produtividade, tanto da soja quanto do milho\u201d, alerta um sojicultor.<\/p>\n<p>Outro ponto de aten\u00e7\u00e3o \u00e9 o c\u00e2mbio. Com a queda dos juros nos Estados Unidos e o patamar ainda elevado no Brasil, h\u00e1 expectativa de maior entrada de investimentos estrangeiros, o que pode pressionar o d\u00f3lar para baixo e, consequentemente, reduzir a cota\u00e7\u00e3o da soja.<\/p>\n<p>Mesmo com os riscos, os produtores esperam produtividade m\u00e9dia de 80 sacas por hectare, valor considerado positivo em anos de La Ni\u00f1a. Ainda assim, h\u00e1 preocupa\u00e7\u00e3o em rela\u00e7\u00e3o \u00e0s condi\u00e7\u00f5es h\u00eddricas no norte do estado. <\/p>\n<p>\u201cSe as chuvas n\u00e3o se recompuserem, podemos ter impactos pontuais, mas, por enquanto, o plantio segue dentro da janela de planejamento do produtor paranaense\u201d, conclui o representante do Deral.<\/p>\n<\/p><\/div>\n<p><br \/>\n<br \/><a href=\"https:\/\/www.canalrural.com.br\/agricultura\/projeto-soja-brasil\/safra-25-26-la-nina-e-custo-de-producao-preocupam-produtores-de-soja-no-parana\/\">Source link <\/a><\/p>\n","protected":false},"excerpt":{"rendered":"<p>A possibilidade de forma\u00e7\u00e3o do fen\u00f4meno La Ni\u00f1a tem deixado os produtores de soja em alerta no Paran\u00e1. Mas o<\/p>\n","protected":false},"author":1,"featured_media":4945,"comment_status":"open","ping_status":"open","sticky":false,"template":"","format":"standard","meta":{"_monsterinsights_skip_tracking":false,"_monsterinsights_sitenote_active":false,"_monsterinsights_sitenote_note":"","_monsterinsights_sitenote_category":0,"_uf_show_specific_survey":0,"_uf_disable_surveys":false,"footnotes":""},"categories":[1],"tags":[],"class_list":["post-21710","post","type-post","status-publish","format-standard","has-post-thumbnail","hentry","category-news"],"_links":{"self":[{"href":"https:\/\/agromt.news\/index.php?rest_route=\/wp\/v2\/posts\/21710"}],"collection":[{"href":"https:\/\/agromt.news\/index.php?rest_route=\/wp\/v2\/posts"}],"about":[{"href":"https:\/\/agromt.news\/index.php?rest_route=\/wp\/v2\/types\/post"}],"author":[{"embeddable":true,"href":"https:\/\/agromt.news\/index.php?rest_route=\/wp\/v2\/users\/1"}],"replies":[{"embeddable":true,"href":"https:\/\/agromt.news\/index.php?rest_route=%2Fwp%2Fv2%2Fcomments&post=21710"}],"version-history":[{"count":0,"href":"https:\/\/agromt.news\/index.php?rest_route=\/wp\/v2\/posts\/21710\/revisions"}],"wp:featuredmedia":[{"embeddable":true,"href":"https:\/\/agromt.news\/index.php?rest_route=\/wp\/v2\/media\/4945"}],"wp:attachment":[{"href":"https:\/\/agromt.news\/index.php?rest_route=%2Fwp%2Fv2%2Fmedia&parent=21710"}],"wp:term":[{"taxonomy":"category","embeddable":true,"href":"https:\/\/agromt.news\/index.php?rest_route=%2Fwp%2Fv2%2Fcategories&post=21710"},{"taxonomy":"post_tag","embeddable":true,"href":"https:\/\/agromt.news\/index.php?rest_route=%2Fwp%2Fv2%2Ftags&post=21710"}],"curies":[{"name":"wp","href":"https:\/\/api.w.org\/{rel}","templated":true}]}}