{"id":21658,"date":"2025-10-07T15:25:15","date_gmt":"2025-10-07T19:25:15","guid":{"rendered":"https:\/\/agromt.news\/?p=21658"},"modified":"2025-10-07T15:25:15","modified_gmt":"2025-10-07T19:25:15","slug":"joao-martins-e-reeleito-presidente-da-cna","status":"publish","type":"post","link":"https:\/\/agromt.news\/?p=21658","title":{"rendered":"Jo\u00e3o Martins \u00e9 reeleito presidente da CNA"},"content":{"rendered":"<p> <br \/>\n<br \/><img decoding=\"async\" src=\"https:\/\/agromt.news\/wp-content\/uploads\/2025\/10\/Joao-Martins-e-reeleito-presidente-da-CNA.jpg\" \/><\/p>\n<div>\n<p>O presidente da Confedera\u00e7\u00e3o da Agricultura e Pecu\u00e1ria do Brasil (CNA), Jo\u00e3o Martins, foi reeleito por unanimidade nesta ter\u00e7a-feira (7) para mais um mandato \u00e0 frente da entidade. <\/p>\n<p>A elei\u00e7\u00e3o ocorreu na sede da CNA, em Bras\u00edlia. Martins obteve o voto das 27 Federa\u00e7\u00f5es Estaduais de Agricultura e Pecu\u00e1ria.<\/p>\n<p>Al\u00e9m da presid\u00eancia, foram escolhidos os vice-presidentes da Diretoria Executiva e os membros do Conselho Fiscal. <\/p>\n<p>O processo foi conduzido por uma Comiss\u00e3o Eleitoral formada pela superintendente da Organiza\u00e7\u00e3o das Cooperativas Brasileiras (OCB), Tania Zanella (presidente da comiss\u00e3o), pelo advogado da Uni\u00e3o Maximiliano Ferreira Temer e pelo vice-presidente tesoureiro do Instituto Pensar Agropecu\u00e1ria (IPA), Nilson Leit\u00e3o.<\/p>\n<h3 class=\"wp-block-heading\" id=\"h-temos-de-estar-unidos-e-preparados-para-o-futuro-diz-joao-martins\">Temos de estar unidos e preparados para o futuro, diz Jo\u00e3o Martins<\/h3>\n<p>Ap\u00f3s a elei\u00e7\u00e3o, Jo\u00e3o Martins agradeceu o apoio das federa\u00e7\u00f5es e destacou os resultados da atual gest\u00e3o. \u201cH\u00e1 8 anos, quando me elegi, o cen\u00e1rio era outro. E naquela \u00e9poca fiz uma promessa de fazer uma transforma\u00e7\u00e3o no meio rural ao criar uma nova classe m\u00e9dia no campo, com algo em torno de 400 mil novos produtores assistidos pela assist\u00eancia t\u00e9cnica\u201d, disse.<\/p>\n<p>Segundo ele, o n\u00famero foi superado. \u201cFizemos mais do que isso. Estamos com quase 480 mil pequenos produtores assistidos pela nossa assist\u00eancia t\u00e9cnica. Foi uma revolu\u00e7\u00e3o que conseguimos implementar.\u201d<\/p>\n<p>O presidente afirmou que o Sistema CNA\/Senar continuar\u00e1 apoiando todas as federa\u00e7\u00f5es estaduais. \u201cTemos de estar unidos e preparados para o futuro\u201d, declarou.<\/p>\n<p>Jo\u00e3o Martins refor\u00e7ou o plano de ampliar os centros de treinamento e capacita\u00e7\u00e3o em todos os estados. Ele tamb\u00e9m destacou a import\u00e2ncia da assist\u00eancia t\u00e9cnica como ferramenta de transforma\u00e7\u00e3o no campo. \u201cO conceito da CNA \u00e9 uma Casa aberta a todos, sem donos\u201d, afirmou.<\/p>\n<h3 class=\"wp-block-heading\" id=\"h-historico-e-trajetoria-no-setor\">Hist\u00f3rico e trajet\u00f3ria no setor<\/h3>\n<p>Jo\u00e3o Martins preside a CNA desde 2015. Antes, comandou a Federa\u00e7\u00e3o da Agricultura e Pecu\u00e1ria do Estado da Bahia (Faeb) e \u00e9 acionista e presidente da Agropecu\u00e1ria Jo\u00e3o Martins S\/A.<\/p>\n<p>Formado em Administra\u00e7\u00e3o de Empresas pela Universidade Federal da Bahia (UFBA), foi fundador e 1\u00ba tesoureiro da Central de Cooperativas de Leite da Bahia (CCLB) e presidente interino da Associa\u00e7\u00e3o Baiana de Criadores (Abac).<\/p>\n<p>Entre 2000 e 2018, presidiu a Faeb e o Conselho de Administra\u00e7\u00e3o do Senar Bahia, al\u00e9m do Conselho Deliberativo do Sebrae Bahia.<\/p>\n<h3 class=\"wp-block-heading\" id=\"h-diretoria-executiva-da-cna-quadrienio-2025-2029\">Diretoria Executiva da CNA \u2013 Quadri\u00eanio 2025-2029<\/h3>\n<ul class=\"wp-block-list\">\n<li><strong>Presidente:<\/strong> Jo\u00e3o Martins da Silva J\u00fanior (BA)<\/li>\n<li><strong>1\u00ba vice-presidente:<\/strong> Gede\u00e3o Silveira Pereira (RS)<\/li>\n<li><strong>2\u00ba vice-presidente:<\/strong> Ant\u00f4nio Pitangui de Salvo (MG)<\/li>\n<li><strong>1\u00ba vice-presidente de Finan\u00e7as:<\/strong> Humberto Miranda (BA)<\/li>\n<li><strong>2\u00ba vice-presidente de Finan\u00e7as:<\/strong> Muni Louren\u00e7o Silva J\u00fanior (AM)<\/li>\n<li><strong>1\u00ba vice-presidente de Secretaria:<\/strong> Marcelo Bertoni (MS)<\/li>\n<li><strong>2\u00ba vice-presidente de Secretaria:<\/strong> Jos\u00e9 Am\u00edlcar de Ara\u00fajo Silveira (CE)<\/li>\n<\/ul>\n<h3 class=\"wp-block-heading\">Conselho Fiscal<\/h3>\n<p><strong>Efetivos:<\/strong><\/p>\n<ul class=\"wp-block-list\">\n<li>\u00c1lvaro Arthur Lopes de Almeida (AL)<\/li>\n<li>Paulo Carneiro (TO)<\/li>\n<li>H\u00e9lio Dias de Souza (RO)<\/li>\n<\/ul>\n<p><strong>Suplentes:<\/strong><\/p>\n<ul class=\"wp-block-list\">\n<li>Raimundo Coelho de Souza (MA)<\/li>\n<li>Luiz Ira\u00e7\u00fa Guimar\u00e3es Colares (AP)<\/li>\n<li>Jos\u00e9 \u00c1lvares Vieira (RN)<\/li>\n<\/ul><\/div>\n<p><br \/>\n<br \/><a href=\"https:\/\/www.canalrural.com.br\/agricultura\/joao-martins-reeleito-presidente-cna\/\">Source link <\/a><\/p>\n","protected":false},"excerpt":{"rendered":"<p>O presidente da Confedera\u00e7\u00e3o da Agricultura e Pecu\u00e1ria do Brasil (CNA), Jo\u00e3o Martins, foi reeleito por unanimidade nesta ter\u00e7a-feira (7)<\/p>\n","protected":false},"author":1,"featured_media":21659,"comment_status":"open","ping_status":"open","sticky":false,"template":"","format":"standard","meta":{"_monsterinsights_skip_tracking":false,"_monsterinsights_sitenote_active":false,"_monsterinsights_sitenote_note":"","_monsterinsights_sitenote_category":0,"_uf_show_specific_survey":0,"_uf_disable_surveys":false,"footnotes":""},"categories":[1],"tags":[],"class_list":["post-21658","post","type-post","status-publish","format-standard","has-post-thumbnail","hentry","category-news"],"_links":{"self":[{"href":"https:\/\/agromt.news\/index.php?rest_route=\/wp\/v2\/posts\/21658"}],"collection":[{"href":"https:\/\/agromt.news\/index.php?rest_route=\/wp\/v2\/posts"}],"about":[{"href":"https:\/\/agromt.news\/index.php?rest_route=\/wp\/v2\/types\/post"}],"author":[{"embeddable":true,"href":"https:\/\/agromt.news\/index.php?rest_route=\/wp\/v2\/users\/1"}],"replies":[{"embeddable":true,"href":"https:\/\/agromt.news\/index.php?rest_route=%2Fwp%2Fv2%2Fcomments&post=21658"}],"version-history":[{"count":0,"href":"https:\/\/agromt.news\/index.php?rest_route=\/wp\/v2\/posts\/21658\/revisions"}],"wp:featuredmedia":[{"embeddable":true,"href":"https:\/\/agromt.news\/index.php?rest_route=\/wp\/v2\/media\/21659"}],"wp:attachment":[{"href":"https:\/\/agromt.news\/index.php?rest_route=%2Fwp%2Fv2%2Fmedia&parent=21658"}],"wp:term":[{"taxonomy":"category","embeddable":true,"href":"https:\/\/agromt.news\/index.php?rest_route=%2Fwp%2Fv2%2Fcategories&post=21658"},{"taxonomy":"post_tag","embeddable":true,"href":"https:\/\/agromt.news\/index.php?rest_route=%2Fwp%2Fv2%2Ftags&post=21658"}],"curies":[{"name":"wp","href":"https:\/\/api.w.org\/{rel}","templated":true}]}}