{"id":21628,"date":"2025-10-07T09:43:44","date_gmt":"2025-10-07T13:43:44","guid":{"rendered":"https:\/\/agromt.news\/?p=21628"},"modified":"2025-10-07T09:43:44","modified_gmt":"2025-10-07T13:43:44","slug":"milho-encerra-semana-em-queda-em-chicago-e-com-ajustes-na-b3","status":"publish","type":"post","link":"https:\/\/agromt.news\/?p=21628","title":{"rendered":"Milho encerra semana em queda em Chicago e com ajustes na B3"},"content":{"rendered":"<p> <br \/>\n<\/p>\n<div>\n<p>O mercado de <a href=\"https:\/\/www.agrolink.com.br\/culturas\/milho?utm_source=agrolink-detalhe-noticia&amp;utm_medium=detalhe-noticia&amp;utm_campaign=links-internos&#9;\" target=\"_blank\" rel=\"noopener\">milho<\/a> encerrou a semana com resultados distintos entre Brasil e Estados Unidos. Segundo informa\u00e7\u00f5es da TF Agroecon\u00f4mica, a B3 registrou fechamento misto nesta sexta-feira (3), refletindo os movimentos do mercado f\u00edsico, enquanto em Chicago o cereal acumulou perdas diante da cautela dos investidores.&#13;\n<\/p>\n<p>Na B3, as cota\u00e7\u00f5es da safra atual recuaram, mas os contratos da pr\u00f3xima safra conseguiram leves ganhos. O vencimento de novembro\/25 fechou em R$ 65,98, alta de R$ 0,27 no dia e queda de R$ 0,24 na semana. J\u00e1 o contrato de janeiro\/26 subiu R$ 0,20 no dia, para R$ 68,48, mas caiu R$ 0,61 na semana. O mar\u00e7o\/26 encerrou a R$ 70,94, com leve baixa de R$ 0,06 no dia e recuo semanal de R$ 0,91. Apesar da maior competitividade dos pre\u00e7os brasileiros nos \u00faltimos dias, o milho nacional ainda segue caro em rela\u00e7\u00e3o ao produto americano.&#13;\n<\/p>\n<p>No mercado f\u00edsico, o indicador Cepea apontou alta de 0,31% no dia e de 0,67% na semana, sustentada pela demanda das f\u00e1bricas de etanol. Parte dos produtores, no entanto, segue retendo seus lotes \u00e0 espera de pre\u00e7os mais atrativos.<\/p>\n<p>Em Chicago, o milho fechou o dia e a semana em baixa, pressionado pelo avan\u00e7o da colheita e pela perspectiva da maior safra americana da hist\u00f3ria. O contrato de dezembro caiu 0,65% no dia, a US$ 419,00\/bushel, acumulando queda semanal de 0,71% (-US$ 3,00). O mar\u00e7o recuou 0,51%, a US$ 435,75\/bushel. A indefini\u00e7\u00e3o sobre a divulga\u00e7\u00e3o do relat\u00f3rio de oferta e demanda do USDA, devido \u00e0 paralisa\u00e7\u00e3o do governo americano, refor\u00e7ou a cautela dos investidores. As informa\u00e7\u00f5es foram divulgadas nesta manh\u00e3 de segunda-feira.<br \/>&#13;<br \/>\n\u00a0&#13;\n<\/p>\n<\/p><\/div>\n<p><script data-cfasync=\"false\">\n    !function (f, b, e, v, n, t, s) {\n        if (f.fbq) return; n = f.fbq = function () {\n            n.callMethod ?\n                n.callMethod.apply(n, arguments) : n.queue.push(arguments)\n        };\n        if (!f._fbq) f._fbq = n; n.push = n; n.loaded = !0; n.version = '2.0';\n        n.queue = []; t = b.createElement(e); t.async = !0;\n        t.src = v; s = b.getElementsByTagName(e)[0];\n        s.parentNode.insertBefore(t, s)\n    }(window, document, 'script',\n        'https:\/\/connect.facebook.net\/en_US\/fbevents.js');\n    fbq('init', '522546078623747');\n    fbq('track', 'PageView');\n<\/script><br \/>\n<br \/><br \/>\n<br \/><a href=\"https:\/\/www.agrolink.com.br\/noticias\/milho-encerra-semana-em-queda-em-chicago-e-com-ajustes-na-b3_506638.html\">Source link <\/a><\/p>\n","protected":false},"excerpt":{"rendered":"<p>O mercado de milho encerrou a semana com resultados distintos entre Brasil e Estados Unidos. Segundo informa\u00e7\u00f5es da TF Agroecon\u00f4mica,<\/p>\n","protected":false},"author":1,"featured_media":5644,"comment_status":"open","ping_status":"open","sticky":false,"template":"","format":"standard","meta":{"_monsterinsights_skip_tracking":false,"_monsterinsights_sitenote_active":false,"_monsterinsights_sitenote_note":"","_monsterinsights_sitenote_category":0,"_uf_show_specific_survey":0,"_uf_disable_surveys":false,"footnotes":""},"categories":[8,1,14],"tags":[],"class_list":["post-21628","post","type-post","status-publish","format-standard","has-post-thumbnail","hentry","category-agro","category-news","category-politica-agro"],"_links":{"self":[{"href":"https:\/\/agromt.news\/index.php?rest_route=\/wp\/v2\/posts\/21628"}],"collection":[{"href":"https:\/\/agromt.news\/index.php?rest_route=\/wp\/v2\/posts"}],"about":[{"href":"https:\/\/agromt.news\/index.php?rest_route=\/wp\/v2\/types\/post"}],"author":[{"embeddable":true,"href":"https:\/\/agromt.news\/index.php?rest_route=\/wp\/v2\/users\/1"}],"replies":[{"embeddable":true,"href":"https:\/\/agromt.news\/index.php?rest_route=%2Fwp%2Fv2%2Fcomments&post=21628"}],"version-history":[{"count":0,"href":"https:\/\/agromt.news\/index.php?rest_route=\/wp\/v2\/posts\/21628\/revisions"}],"wp:featuredmedia":[{"embeddable":true,"href":"https:\/\/agromt.news\/index.php?rest_route=\/wp\/v2\/media\/5644"}],"wp:attachment":[{"href":"https:\/\/agromt.news\/index.php?rest_route=%2Fwp%2Fv2%2Fmedia&parent=21628"}],"wp:term":[{"taxonomy":"category","embeddable":true,"href":"https:\/\/agromt.news\/index.php?rest_route=%2Fwp%2Fv2%2Fcategories&post=21628"},{"taxonomy":"post_tag","embeddable":true,"href":"https:\/\/agromt.news\/index.php?rest_route=%2Fwp%2Fv2%2Ftags&post=21628"}],"curies":[{"name":"wp","href":"https:\/\/api.w.org\/{rel}","templated":true}]}}