{"id":21627,"date":"2025-10-07T09:22:16","date_gmt":"2025-10-07T13:22:16","guid":{"rendered":"https:\/\/agromt.news\/?p=21627"},"modified":"2025-10-07T09:22:16","modified_gmt":"2025-10-07T13:22:16","slug":"apos-alta-no-preco-trump-diz-que-eua-estao-sentindo-falta-do-cafe-brasileiro","status":"publish","type":"post","link":"https:\/\/agromt.news\/?p=21627","title":{"rendered":"Ap\u00f3s alta no pre\u00e7o, Trump diz que EUA est\u00e3o sentindo falta do caf\u00e9 brasileiro"},"content":{"rendered":"<p> <br \/>\n<br \/><img decoding=\"async\" src=\"https:\/\/agromt.news\/wp-content\/uploads\/2025\/06\/Anvisa-proibe-a-venda-de-tres-marcas-de-cafe.jpg\" \/><\/p>\n<div>\n<p>Durante conversa com o presidente Luiz In\u00e1cio Lula da Silva na segunda-feira (6), Donald Trump reconheceu que os Estados Unidos est\u00e3o \u201csentindo falta\u201d de alguns produtos brasileiros afetados pelo tarifa\u00e7o, segundo reportagem da BBC News Brasil. O presidente americano teria mencionado o caf\u00e9.<\/p>\n<p>O pre\u00e7o da bebida nos EUA vem subindo desde que o governo imp\u00f4s, em agosto, uma sobretaxa de 50% sobre produtos brasileiros. Em setembro, o caf\u00e9 registrou a maior alta mensal em 14 anos, com avan\u00e7o de 3,6%, e acumula alta anual de 20,9%, bem acima da infla\u00e7\u00e3o m\u00e9dia de 2,9%. Foi o maior aumento em um ano desde 1997.<\/p>\n<p>Analistas de mercado j\u00e1 diziam que a <a href=\"https:\/\/www.canalrural.com.br\/agricultura\/cafe\/cafe-brasileiro-deve-entrar-na-lista-de-excecoes-do-tarifaco\/\">tarifa teria impacto direto sobre o bolso do consumidor americano<\/a>. \u201cO fato de o caf\u00e9 n\u00e3o ter entrado na lista de exce\u00e7\u00f5es causou muita surpresa, porque n\u00e3o faz sentido dentro do atual cen\u00e1rio. O principal prejudicado com a imposi\u00e7\u00e3o da tarifa \u00e9 o consumidor norte-americano\u201d, afirmou Gil Barabach, analista da Safras &amp; Mercado.<\/p>\n<p>\u201cO Brasil representa cerca de 30% das importa\u00e7\u00f5es de caf\u00e9 verde dos Estados Unidos. Essa substitui\u00e7\u00e3o por outro pa\u00eds n\u00e3o pode ser feita rapidamente, ao menos n\u00e3o no mesmo volume. Diante disso, h\u00e1 uma perspectiva concreta de que, nas pr\u00f3ximas semanas, o caf\u00e9 passe a integrar a lista de exce\u00e7\u00f5es\u201d, complementou Barabach.<\/p>\n<p>Em entrevista \u00e0 CNN, no final de agosto, <a href=\"https:\/\/www.canalrural.com.br\/opiniao-noticias\/tarifa-dos-eua-sobre-cafe-do-brasil-pode-reconfigurar-o-mercado\/\">o diretor-geral do Cecaf\u00e9, Marcos Matos, tamb\u00e9m alertou<\/a> que a continuidade da sobretaxa geraria \u201cum grande desarranjo no mercado global\u201d.<\/p>\n<p>\u201cSe n\u00e3o houver avan\u00e7o nas negocia\u00e7\u00f5es, o preju\u00edzo ser\u00e1 enorme e o mercado internacional ficar\u00e1 cada vez mais desregulado, com pre\u00e7os em alta e imprevisibilidade para toda a cadeia global do caf\u00e9\u201d, afirmou.<\/p>\n<p>Matos destacou ainda que o impacto j\u00e1 \u00e9 percept\u00edvel nos EUA. \u201cO caf\u00e9 \u00e9 a bebida mais emblem\u00e1tica das fam\u00edlias americanas. A infla\u00e7\u00e3o j\u00e1 est\u00e1 sendo detectada na x\u00edcara do consumidor. Desde o an\u00fancio das tarifas, os pre\u00e7os na bolsa subiram de uma faixa de US$ 2,70\u20132,80 para quase US$ 3,60 por libra-peso, refletindo a press\u00e3o e o desequil\u00edbrio no mercado.\u201d<\/p>\n<h2 class=\"wp-block-heading\" id=\"h-maior-consumidor-do-mundo\">Maior consumidor do mundo<\/h2>\n<p>Os Estados Unidos s\u00e3o o maior importador e consumidor de caf\u00e9 do mundo e o principal destino das exporta\u00e7\u00f5es brasileiras. De acordo com a Associa\u00e7\u00e3o Nacional de Caf\u00e9 dos EUA, dois ter\u00e7os dos adultos americanos bebem caf\u00e9 diariamente, com consumo m\u00e9dio de tr\u00eas x\u00edcaras por pessoa. Desde 2020, o consumo geral cresceu 7%, enquanto o de caf\u00e9s gourmet aumentou 18%.<\/p>\n<p>Mas o pa\u00eds n\u00e3o tem produ\u00e7\u00e3o suficiente para atender \u00e0 demanda. O caf\u00e9 \u00e9 uma fruta tropical que s\u00f3 se desenvolve em regi\u00f5es pr\u00f3ximas ao Equador. Nos EUA, ele \u00e9 cultivado apenas em Hava\u00ed, Porto Rico e pequenas \u00e1reas do sul da Calif\u00f3rnia, o que est\u00e1 longe de suprir as cerca de 450 milh\u00f5es de x\u00edcaras consumidas diariamente pelos americanos.<\/p>\n<\/p><\/div>\n<p><br \/>\n<br \/><a href=\"https:\/\/www.canalrural.com.br\/agricultura\/cafe\/apos-alta-no-preco-trump-diz-que-eua-estao-sentindo-falta-do-cafe-brasileiro\/\">Source link <\/a><\/p>\n","protected":false},"excerpt":{"rendered":"<p>Durante conversa com o presidente Luiz In\u00e1cio Lula da Silva na segunda-feira (6), Donald Trump reconheceu que os Estados Unidos<\/p>\n","protected":false},"author":1,"featured_media":14514,"comment_status":"open","ping_status":"open","sticky":false,"template":"","format":"standard","meta":{"_monsterinsights_skip_tracking":false,"_monsterinsights_sitenote_active":false,"_monsterinsights_sitenote_note":"","_monsterinsights_sitenote_category":0,"_uf_show_specific_survey":0,"_uf_disable_surveys":false,"footnotes":""},"categories":[1],"tags":[],"class_list":["post-21627","post","type-post","status-publish","format-standard","has-post-thumbnail","hentry","category-news"],"_links":{"self":[{"href":"https:\/\/agromt.news\/index.php?rest_route=\/wp\/v2\/posts\/21627"}],"collection":[{"href":"https:\/\/agromt.news\/index.php?rest_route=\/wp\/v2\/posts"}],"about":[{"href":"https:\/\/agromt.news\/index.php?rest_route=\/wp\/v2\/types\/post"}],"author":[{"embeddable":true,"href":"https:\/\/agromt.news\/index.php?rest_route=\/wp\/v2\/users\/1"}],"replies":[{"embeddable":true,"href":"https:\/\/agromt.news\/index.php?rest_route=%2Fwp%2Fv2%2Fcomments&post=21627"}],"version-history":[{"count":0,"href":"https:\/\/agromt.news\/index.php?rest_route=\/wp\/v2\/posts\/21627\/revisions"}],"wp:featuredmedia":[{"embeddable":true,"href":"https:\/\/agromt.news\/index.php?rest_route=\/wp\/v2\/media\/14514"}],"wp:attachment":[{"href":"https:\/\/agromt.news\/index.php?rest_route=%2Fwp%2Fv2%2Fmedia&parent=21627"}],"wp:term":[{"taxonomy":"category","embeddable":true,"href":"https:\/\/agromt.news\/index.php?rest_route=%2Fwp%2Fv2%2Fcategories&post=21627"},{"taxonomy":"post_tag","embeddable":true,"href":"https:\/\/agromt.news\/index.php?rest_route=%2Fwp%2Fv2%2Ftags&post=21627"}],"curies":[{"name":"wp","href":"https:\/\/api.w.org\/{rel}","templated":true}]}}