{"id":21625,"date":"2025-10-07T08:38:11","date_gmt":"2025-10-07T12:38:11","guid":{"rendered":"https:\/\/agromt.news\/?p=21625"},"modified":"2025-10-07T08:38:11","modified_gmt":"2025-10-07T12:38:11","slug":"oito-meis-de-piracicaba-vao-expor-de-graca-na-feira-do-empreendedor-2025","status":"publish","type":"post","link":"https:\/\/agromt.news\/?p=21625","title":{"rendered":"Oito MEIs de Piracicaba v\u00e3o expor de gra\u00e7a na Feira do Empreendedor 2025"},"content":{"rendered":"<p> <br \/>\n<\/p>\n<div>\n<p>O Sebrae\/SP selecionou oito Microempreendedores Individuais (MEIs) da regi\u00e3o de Piracicaba para expor seus produtos na <a href=\"https:\/\/www.canalrural.com.br\/diversos\/empreendedora-paulista-transforma-tradicao-em-negocio-e-estreia-na-fe25\/\">Feira do Empreendedor 2025 (FE25)<\/a>. <\/p>\n<p>O evento, que ser\u00e1 realizado entre 15 e 18 de outubro, no S\u00e3o Paulo Expo, \u00e9 considerado um dos maiores encontros de empreendedorismo do pa\u00eds. <\/p>\n<p>No entanto, os empreendedores selecionados se inscreveram no edital no in\u00edcio de setembro, seguindo requisitos pr\u00e9-estabelecidos. Os selecionados v\u00e3o ter acesso gratuito ao espa\u00e7o Sebrae Comunidades: <a href=\"https:\/\/sp.agenciasebrae.com.br\/cultura-empreendedora\/sebrae-sp-seleciona-oito-meis-da-regiao-de-piracicaba-para-expor-gratuitamente-na-fe25\/\">Shopping Compre do Pequeno<\/a>, que valoriza a identidade regional e cria oportunidades de neg\u00f3cios.\u00a0<\/p>\n<p>Dessa forma, al\u00e9m de ampliar a visibilidade, a a\u00e7\u00e3o busca fortalecer marcas locais e aproximar os MEIs de novos consumidores e parceiros.<\/p>\n<ul class=\"wp-block-list\">\n<li>Participe do Porteira Aberta Empreender: envie perguntas, sugest\u00f5es e conte a sua hist\u00f3ria de empreendedorismo pelo<a href=\"https:\/\/api.whatsapp.com\/send?phone=5511932796720&amp;PorteiraAbertaEmpreender=SuaMensagem\"> WhatsApp<\/a><\/li>\n<\/ul>\n<p>Cada empreendedor vai contar com um nicho para exposi\u00e7\u00e3o dos produtos. S\u00e3o neg\u00f3cios que atuam com artesanato, produtos ligados \u00e0 cultura africana, beleza e bem-estar, <a href=\"https:\/\/www.canalrural.com.br\/empreendedorismo\/iniciativas-inovadoras-e-praticas-esg-foram-os-destaques-no-evento-no-parana\/\">plantas<\/a> e outras categorias que estejam alinhadas com os objetivos da FE25.<\/p>\n<p>\u201cParticipar do \u2018Compre do Pequeno\u2019 \u00e9 uma oportunidade muito boa, uma chance \u00fanica de ampliar mercados, vender mais e fortalecer a marca. \u00c9 tamb\u00e9m importante para levar produtos das nossas cidades para pessoas de outras regi\u00f5es\u201d, afirma Cinthia Campos, analista de neg\u00f3cios do Sebrae\/SP.<\/p>\n<h2 class=\"wp-block-heading\" id=\"h-porteira-aberta-empreender\"><strong>Porteira Aberta Empreender<\/strong><\/h2>\n<p>Quer saber mais sobre a FE25? Assista ao programa <a href=\"https:\/\/www.youtube.com\/watch?v=Z-QmWLVJ-AI\"><strong>Porteira Aberta Empreender<\/strong>,<\/a> uma parceria entre o Sebrae e o Canal Rural, que traz dicas, orienta\u00e7\u00f5es e mostra hist\u00f3rias reais de micro e pequenos produtores de todo o pa\u00eds.<\/p>\n<figure class=\"wp-block-image size-full is-resized\"><img fetchpriority=\"high\" decoding=\"async\" width=\"1013\" height=\"1017\" alt=\"\" class=\"wp-image-4116505\" style=\"width:423px;height:auto\"  data-lazy- src=\"https:\/\/agromt.news\/wp-content\/uploads\/2025\/08\/tradicao-dos-queijos-artesanais-e-turismo-rural-em-Goias.png\"\/><img decoding=\"async\" width=\"1013\" height=\"1017\" src=\"https:\/\/agromt.news\/wp-content\/uploads\/2025\/08\/tradicao-dos-queijos-artesanais-e-turismo-rural-em-Goias.png\" alt=\"\" class=\"wp-image-4116505\" style=\"width:423px;height:auto\"  \/><figcaption class=\"wp-element-caption\">\u00c0s sextas-feiras, \u00e0s 18h, no Canal Rural. | Foto: Arte Divulga\u00e7\u00e3o<\/figcaption><\/figure>\n<\/p><\/div>\n<p><br \/>\n<br \/><a href=\"https:\/\/www.canalrural.com.br\/empreendedorismo\/oito-meis-de-piracicaba-vao-expor-de-graca-na-feira-do-empreendedor-2025\/\">Source link <\/a><\/p>\n","protected":false},"excerpt":{"rendered":"<p>O Sebrae\/SP selecionou oito Microempreendedores Individuais (MEIs) da regi\u00e3o de Piracicaba para expor seus produtos na Feira do Empreendedor 2025<\/p>\n","protected":false},"author":1,"featured_media":21626,"comment_status":"open","ping_status":"open","sticky":false,"template":"","format":"standard","meta":{"_monsterinsights_skip_tracking":false,"_monsterinsights_sitenote_active":false,"_monsterinsights_sitenote_note":"","_monsterinsights_sitenote_category":0,"_uf_show_specific_survey":0,"_uf_disable_surveys":false,"footnotes":""},"categories":[1],"tags":[],"class_list":["post-21625","post","type-post","status-publish","format-standard","has-post-thumbnail","hentry","category-news"],"_links":{"self":[{"href":"https:\/\/agromt.news\/index.php?rest_route=\/wp\/v2\/posts\/21625"}],"collection":[{"href":"https:\/\/agromt.news\/index.php?rest_route=\/wp\/v2\/posts"}],"about":[{"href":"https:\/\/agromt.news\/index.php?rest_route=\/wp\/v2\/types\/post"}],"author":[{"embeddable":true,"href":"https:\/\/agromt.news\/index.php?rest_route=\/wp\/v2\/users\/1"}],"replies":[{"embeddable":true,"href":"https:\/\/agromt.news\/index.php?rest_route=%2Fwp%2Fv2%2Fcomments&post=21625"}],"version-history":[{"count":0,"href":"https:\/\/agromt.news\/index.php?rest_route=\/wp\/v2\/posts\/21625\/revisions"}],"wp:featuredmedia":[{"embeddable":true,"href":"https:\/\/agromt.news\/index.php?rest_route=\/wp\/v2\/media\/21626"}],"wp:attachment":[{"href":"https:\/\/agromt.news\/index.php?rest_route=%2Fwp%2Fv2%2Fmedia&parent=21625"}],"wp:term":[{"taxonomy":"category","embeddable":true,"href":"https:\/\/agromt.news\/index.php?rest_route=%2Fwp%2Fv2%2Fcategories&post=21625"},{"taxonomy":"post_tag","embeddable":true,"href":"https:\/\/agromt.news\/index.php?rest_route=%2Fwp%2Fv2%2Ftags&post=21625"}],"curies":[{"name":"wp","href":"https:\/\/api.w.org\/{rel}","templated":true}]}}