{"id":21622,"date":"2025-10-07T07:49:42","date_gmt":"2025-10-07T11:49:42","guid":{"rendered":"https:\/\/agromt.news\/?p=21622"},"modified":"2025-10-07T07:49:42","modified_gmt":"2025-10-07T11:49:42","slug":"passagem-de-frente-fria-temperaturas-cairem-no-pais-veja-a-previsao-do-tempo","status":"publish","type":"post","link":"https:\/\/agromt.news\/?p=21622","title":{"rendered":"Passagem de frente fria temperaturas ca\u00edrem no pa\u00eds, veja a previs\u00e3o do tempo"},"content":{"rendered":"<p> <br \/>\n<br \/><img decoding=\"async\" src=\"https:\/\/agromt.news\/wp-content\/uploads\/2025\/10\/Passagem-de-frente-fria-temperaturas-cairem-no-pais-veja-a.jpg\" \/><\/p>\n<div>\n<p>A ter\u00e7a-feira (7) ser\u00e1 marcada por mudan\u00e7as no tempo em v\u00e1rias regi\u00f5es do pa\u00eds, com chuva forte no Sul, aumento da nebulosidade no Sudeste e queda de temperatura em \u00e1reas do Centro-Oeste.<\/p>\n<p>No Sul do Brasil, a circula\u00e7\u00e3o de umidade e perturba\u00e7\u00f5es na atmosfera mant\u00eam o tempo inst\u00e1vel entre Paran\u00e1 e Santa Catarina. Logo nas primeiras horas do dia, n\u00facleos de chuva ganham for\u00e7a e se espalham, provocando pancadas fortes acompanhadas de raios e ventos. Em Curitiba, o c\u00e9u deve ficar encoberto durante todo o dia, com risco de alagamentos e enxurradas.<\/p>\n<p>Em Santa Catarina, a chuva perde for\u00e7a ao longo da manh\u00e3. J\u00e1 no Rio Grande do Sul, as precipita\u00e7\u00f5es se concentram entre a madrugada e a manh\u00e3, especialmente no norte e na serra, mas o tempo abre \u00e0 tarde com o avan\u00e7o de uma massa de ar polar, que derruba as temperaturas e pode provocar geada nas \u00e1reas mais altas.<\/p>\n<p>Enquanto no Sudeste, a frente fria alcan\u00e7a o litoral paulista e muda o tempo em S\u00e3o Paulo, Rio de Janeiro e Minas Gerais. O dia ser\u00e1 marcado por chuva isolada e moderada em partes do interior paulista, com maior intensidade no litoral, onde os volumes podem ser mais altos. No centro-norte de S\u00e3o Paulo, o sol ainda predomina e o calor segue intenso, com chance de pancadas r\u00e1pidas no fim do dia.<\/p>\n<p>No Rio de Janeiro e em \u00e1reas do sul e da Zona da Mata de Minas Gerais, h\u00e1 previs\u00e3o de pancadas a partir da tarde. No Esp\u00edrito Santo, a umidade do oceano pode provocar chuva leve em cidades do litoral.<\/p>\n<p>J\u00e1 Centro-Oeste, a aproxima\u00e7\u00e3o da frente fria traz instabilidades para Mato Grosso e Mato Grosso do Sul, com pancadas localmente fortes, raios e rajadas de vento \u2014 especialmente no nordeste sul-mato-grossense e no sul de Goi\u00e1s. No Distrito Federal e em parte de Goi\u00e1s, o tempo continua firme e quente, com umidade do ar em n\u00edveis cr\u00edticos. Os ventos de sul come\u00e7am a soprar e amenizam o calor em parte do Mato Grosso do Sul e de Mato Grosso.<\/p>\n<p>No Nordeste, os ventos \u00famidos mant\u00eam a chuva na faixa litor\u00e2nea, sobretudo no litoral da Bahia, enquanto o interior segue seco e muito quente, com baixa umidade e risco para queimadas.<\/p>\n<p>E no Norte do pa\u00eds, o calor e a umidade favorecem pancadas de chuva frequentes entre Amazonas, Acre, Rond\u00f4nia e Roraima, que podem vir acompanhadas de temporais localizados. O noroeste do Par\u00e1 tamb\u00e9m tem previs\u00e3o de chuva forte, enquanto Tocantins segue com tempo firme e seco.<\/p>\n<\/p><\/div>\n<p><br \/>\n<br \/><a href=\"https:\/\/www.canalrural.com.br\/diversos\/passagem-de-frente-fria-temperaturas-cairem-no-pais-veja-a-previsao-do-tempo\/\">Source link <\/a><\/p>\n","protected":false},"excerpt":{"rendered":"<p>A ter\u00e7a-feira (7) ser\u00e1 marcada por mudan\u00e7as no tempo em v\u00e1rias regi\u00f5es do pa\u00eds, com chuva forte no Sul, aumento<\/p>\n","protected":false},"author":1,"featured_media":21623,"comment_status":"open","ping_status":"open","sticky":false,"template":"","format":"standard","meta":{"_monsterinsights_skip_tracking":false,"_monsterinsights_sitenote_active":false,"_monsterinsights_sitenote_note":"","_monsterinsights_sitenote_category":0,"_uf_show_specific_survey":0,"_uf_disable_surveys":false,"footnotes":""},"categories":[1],"tags":[],"class_list":["post-21622","post","type-post","status-publish","format-standard","has-post-thumbnail","hentry","category-news"],"_links":{"self":[{"href":"https:\/\/agromt.news\/index.php?rest_route=\/wp\/v2\/posts\/21622"}],"collection":[{"href":"https:\/\/agromt.news\/index.php?rest_route=\/wp\/v2\/posts"}],"about":[{"href":"https:\/\/agromt.news\/index.php?rest_route=\/wp\/v2\/types\/post"}],"author":[{"embeddable":true,"href":"https:\/\/agromt.news\/index.php?rest_route=\/wp\/v2\/users\/1"}],"replies":[{"embeddable":true,"href":"https:\/\/agromt.news\/index.php?rest_route=%2Fwp%2Fv2%2Fcomments&post=21622"}],"version-history":[{"count":0,"href":"https:\/\/agromt.news\/index.php?rest_route=\/wp\/v2\/posts\/21622\/revisions"}],"wp:featuredmedia":[{"embeddable":true,"href":"https:\/\/agromt.news\/index.php?rest_route=\/wp\/v2\/media\/21623"}],"wp:attachment":[{"href":"https:\/\/agromt.news\/index.php?rest_route=%2Fwp%2Fv2%2Fmedia&parent=21622"}],"wp:term":[{"taxonomy":"category","embeddable":true,"href":"https:\/\/agromt.news\/index.php?rest_route=%2Fwp%2Fv2%2Fcategories&post=21622"},{"taxonomy":"post_tag","embeddable":true,"href":"https:\/\/agromt.news\/index.php?rest_route=%2Fwp%2Fv2%2Ftags&post=21622"}],"curies":[{"name":"wp","href":"https:\/\/api.w.org\/{rel}","templated":true}]}}