{"id":21617,"date":"2025-10-07T05:12:13","date_gmt":"2025-10-07T09:12:13","guid":{"rendered":"https:\/\/agromt.news\/?p=21617"},"modified":"2025-10-07T05:12:13","modified_gmt":"2025-10-07T09:12:13","slug":"frente-fria-afeta-tres-regioes-do-pais-e-leva-temporais-com-raios-e-ventania","status":"publish","type":"post","link":"https:\/\/agromt.news\/?p=21617","title":{"rendered":"Frente fria afeta tr\u00eas regi\u00f5es do pa\u00eds e leva temporais com raios e ventania"},"content":{"rendered":"<p> <br \/>\n<br \/><img decoding=\"async\" src=\"https:\/\/agromt.news\/wp-content\/uploads\/2025\/04\/confira-a-previsao-do-tempo-para-a-semana.jpg\" \/><\/p>\n<div>\n<p>Frente fria muda o tempo e leva chuva, com possibilidade de temporais, no Sul, Sudeste e Centro-Oeste. Confira a previs\u00e3o do tempo para todo o Brasil nesta ter\u00e7a-feira (7):<\/p>\n<div data-icp-cta=\"1\" id=\"icp-cta-unique\">Voc\u00ea quer entender como usar o clima a seu favor?<b> <\/b><a href=\"https:\/\/climacampo.canalrural.com.br\/climacampo_-01\">Preparamos um e-book exclusivo<\/a> para ajudar produtores rurais a se antecipar \u00e0s mudan\u00e7as do tempo e planejar melhor suas a\u00e7\u00f5es. Com base em previs\u00f5es meteorol\u00f3gicas confi\u00e1veis, ele oferece orienta\u00e7\u00f5es pr\u00e1ticas para proteger sua lavoura e otimizar seus resultados.<\/div>\n<h2 class=\"wp-block-heading\" id=\"h-sul\">Sul<\/h2>\n<p>O tempo segue inst\u00e1vel entre Santa Catarina e o <strong><a href=\"https:\/\/www.canalrural.com.br\/nacional\/parana\/\">Paran\u00e1<\/a><\/strong>, com chuva associada ainda ao deslocamento da <strong>frente fria<\/strong> sobre a costa e \u00e0 entrada de umidade sobre a regi\u00e3o. As pancadas seguem irregulares, mas podem cair localmente fortes, com raios e rajadas de vento \u2013 n\u00e3o sendo descartados temporais. No <strong><a href=\"https:\/\/www.canalrural.com.br\/nacional\/rio-grande-do-sul\/\">Rio Grande do Sul<\/a><\/strong>, a chuva segue restrita ao planalto e serra ga\u00facha, variando entre fraca e moderada intensidade.<\/p>\n<h2 class=\"wp-block-heading\" id=\"h-sudeste\">Sudeste<\/h2>\n<p>A <strong>frente fria<\/strong> se aproxima da costa do estado de S\u00e3o Paulo, conduzindo o avan\u00e7o de instabilidades sobre o interior e leste paulista. As pancadas continuam irregulares, mas podem cair com maior intensidade no oeste, sul e litoral. Na Grande S\u00e3o Paulo e nas demais \u00e1reas da faixa leste, o c\u00e9u permanece mais encoberto e chove fraco a qualquer hora. A chuva avan\u00e7a ao final do dia sobre o Rio de Janeiro, sul e zona da mata de Minas Gerais. O Esp\u00edrito Santo segue com tempo mais aberto.<\/p>\n<h2 class=\"wp-block-heading\" id=\"h-centro-oeste\">Centro-Oeste<\/h2>\n<p>O deslocamento da<strong> frente fria<\/strong> estimula o escoamento do fluxo de umidade vindo da regi\u00e3o norte, favorecendo assim a forma\u00e7\u00e3o de nuvens carregadas em Mato Grosso e Mato Grosso do Sul. As pancadas de chuva seguem irregulares, mas podem cair localmente fortes. Chove tamb\u00e9m no sul de Goi\u00e1s. No Distrito Federal, tempo firme, calor intenso e baixa umidade do ar durante a tarde.<\/p>\n<h2 class=\"wp-block-heading\" id=\"h-nordeste\">Nordeste<\/h2>\n<p>Os ventos \u00famidos que sopram do oceano ainda mant\u00eam as pancadas de chuva sobre alguns pontos da costa leste. O litoral da <strong><a href=\"https:\/\/www.canalrural.com.br\/nacional\/bahia\/\">Bahia<\/a><\/strong> e de Sergipe concentram os epis\u00f3dios mais significativos. Nas demais regi\u00f5es do interior nordestino, o predom\u00ednio ainda ser\u00e1 de tempo aberto, com sol, calor e baixa umidade do ar.<\/p>\n<h2 class=\"wp-block-heading\" id=\"h-norte\">Norte<\/h2>\n<p>O calor e o aporte de umidade presentes na atmosfera local v\u00e3o realizar a manuten\u00e7\u00e3o das instabilidades entre o Amazonas, Acre, Rond\u00f4nia e Roraima, com risco de chuva forte e at\u00e9 mesmo temporais localizados. Chove forte tamb\u00e9m no noroeste do Par\u00e1. Amap\u00e1 com condi\u00e7\u00f5es para pancadas isoladas. J\u00e1 o Tocantins segue com padr\u00e3o de tempo firme.<\/p>\n<\/p><\/div>\n<p><br \/>\n<br \/><a href=\"https:\/\/www.canalrural.com.br\/tempo\/frente-fria-afeta-tres-regioes-do-pais-e-leva-temporais-com-raios-e-ventania\/\">Source link <\/a><\/p>\n","protected":false},"excerpt":{"rendered":"<p>Frente fria muda o tempo e leva chuva, com possibilidade de temporais, no Sul, Sudeste e Centro-Oeste. Confira a previs\u00e3o<\/p>\n","protected":false},"author":1,"featured_media":12029,"comment_status":"open","ping_status":"open","sticky":false,"template":"","format":"standard","meta":{"_monsterinsights_skip_tracking":false,"_monsterinsights_sitenote_active":false,"_monsterinsights_sitenote_note":"","_monsterinsights_sitenote_category":0,"_uf_show_specific_survey":0,"_uf_disable_surveys":false,"footnotes":""},"categories":[1],"tags":[],"class_list":["post-21617","post","type-post","status-publish","format-standard","has-post-thumbnail","hentry","category-news"],"_links":{"self":[{"href":"https:\/\/agromt.news\/index.php?rest_route=\/wp\/v2\/posts\/21617"}],"collection":[{"href":"https:\/\/agromt.news\/index.php?rest_route=\/wp\/v2\/posts"}],"about":[{"href":"https:\/\/agromt.news\/index.php?rest_route=\/wp\/v2\/types\/post"}],"author":[{"embeddable":true,"href":"https:\/\/agromt.news\/index.php?rest_route=\/wp\/v2\/users\/1"}],"replies":[{"embeddable":true,"href":"https:\/\/agromt.news\/index.php?rest_route=%2Fwp%2Fv2%2Fcomments&post=21617"}],"version-history":[{"count":0,"href":"https:\/\/agromt.news\/index.php?rest_route=\/wp\/v2\/posts\/21617\/revisions"}],"wp:featuredmedia":[{"embeddable":true,"href":"https:\/\/agromt.news\/index.php?rest_route=\/wp\/v2\/media\/12029"}],"wp:attachment":[{"href":"https:\/\/agromt.news\/index.php?rest_route=%2Fwp%2Fv2%2Fmedia&parent=21617"}],"wp:term":[{"taxonomy":"category","embeddable":true,"href":"https:\/\/agromt.news\/index.php?rest_route=%2Fwp%2Fv2%2Fcategories&post=21617"},{"taxonomy":"post_tag","embeddable":true,"href":"https:\/\/agromt.news\/index.php?rest_route=%2Fwp%2Fv2%2Ftags&post=21617"}],"curies":[{"name":"wp","href":"https:\/\/api.w.org\/{rel}","templated":true}]}}