{"id":21608,"date":"2025-10-06T21:26:16","date_gmt":"2025-10-07T01:26:16","guid":{"rendered":"https:\/\/agromt.news\/?p=21608"},"modified":"2025-10-06T21:26:16","modified_gmt":"2025-10-07T01:26:16","slug":"sc-e-o-agro-vai-discutir-os-desafios-logisticos-do-estado","status":"publish","type":"post","link":"https:\/\/agromt.news\/?p=21608","title":{"rendered":"SC e o Agro vai discutir os desafios log\u00edsticos do estado"},"content":{"rendered":"<p> <br \/>\n<br \/><img decoding=\"async\" src=\"https:\/\/agromt.news\/wp-content\/uploads\/2025\/10\/SC-e-o-Agro-vai-discutir-os-desafios-logisticos-do.jpg\" \/><\/p>\n<div>\n<p>S\u00e3o Francisco do Sul (SC) ser\u00e1 a sede da edi\u00e7\u00e3o 2025 do F\u00f3rum Santa Catarina e o Agro 5.0. Com destaque para o tema da infraestrutura log\u00edstica, o evento tamb\u00e9m vai tratar de abastecimento e mercado, em especial sobre oferta e demanda de milho e carnes no estado. O evento vai reunir produtores, t\u00e9cnicos da pesquisa e extens\u00e3o rural, lideran\u00e7as p\u00fablicas e privadas do setor.<\/p>\n<p>Outro tema em pauta ser\u00e1 a COP30, a Confer\u00eancia para Mudan\u00e7as Clim\u00e1ticas das Na\u00e7\u00f5es Unidas, que acontece em novembro, em Bel\u00e9m (PA). O tema, que vai tratar de sustentabilidade, sobre produzir e preservar, a partir do modelo catarinense, ser\u00e1 conduzido pela Frente Parlamentar da COP30, da Assembleia Legislativa de Santa Catarina.<\/p>\n<p>Os pain\u00e9is ser\u00e3o conduzidos no per\u00edodo da tarde. Pela manh\u00e3 um grupo de dirigentes, t\u00e9cnicos e jornalistas faz uma visita t\u00e9cnica no Porto de S\u00e3o Francisco e a unidade de fertilizantes da Fecoagro. A entrega ou importa\u00e7\u00e3o de fertilizantes no Brasil, situa\u00e7\u00e3o comum tamb\u00e9m em Santa Catarina, \u00e9 fortemente impactada pela infraestrutura log\u00edstica dos portos e dos acessos aos portos.<\/p>\n<p>Em sua 9\u00aa edi\u00e7\u00e3o, o projeto SC e o Agro 5.0 \u00e9 uma rela\u00e7\u00e3o conjunta entre Canal Rural, Fecoagro, Ocesc, Faesc\/Senar-SC, Sindicarne\/Acav\/Aincadesc, Sicoob e Icasa, com apoio as Secretaria Estadual da Agricultura.<\/p>\n<p>Os conte\u00fados do projeto SC e o AGRO 5.0 podem ser acessados em <a href=\"https:\/\/www.canalrural.com.br\/projeto\/santa-catarina\/\">https:\/\/www.canalrural.com.br\/projeto\/santa-catarina\/<\/a><\/p>\n<p><strong><u>PROGRAMA\u00c7\u00c3O<\/u>:<\/strong><\/p>\n<figure class=\"wp-block-table\">\n<table class=\"has-fixed-layout\">\n<tbody>\n<tr>\n<td>13h30<\/td>\n<td>Recep\u00e7\u00e3o<\/td>\n<\/tr>\n<tr>\n<td>14h00<\/td>\n<td>Abertura: Secret\u00e1rio de Agricultura e Pecu\u00e1ria de SC, <strong>Carlos Chiodini<\/strong>, <strong>Fecoagro<\/strong>, <strong>Ocesc<\/strong>, <strong>Faesc<\/strong>, <strong>Sindicarne<\/strong>, <strong>Sicoob<\/strong> e <strong>Icasa<\/strong>.<\/td>\n<\/tr>\n<tr>\n<td>14h30<\/td>\n<td>Aqui quem produz tamb\u00e9m preserva, <strong>Mauro De Nadal<\/strong>, deputado estadual presidente da Frente Parlamentar da COP30.<\/td>\n<\/tr>\n<tr>\n<td>14h50<\/td>\n<td>A necess\u00e1ria integra\u00e7\u00e3o multimodal de Santa Catarina, por <strong>Beto Martins<\/strong>, secret\u00e1rio estadual de Portos, Aeroportos e Ferrovias.<\/td>\n<\/tr>\n<tr>\n<td>15h10<\/td>\n<td>A integra\u00e7\u00e3o ferrovi\u00e1ria como condi\u00e7\u00e3o a um futuro eficiente e competividade, <strong>Lenoir Broch<\/strong>, Movimento Pr\u00f3-Ferrovias.<\/td>\n<\/tr>\n<tr>\n<td>15h30<\/td>\n<td>Riscos e desafios da oferta, demanda e abastecimento de milho em Santa Catarina, <strong>Arene Trevisan<\/strong>, Seara\/JBS.<\/td>\n<\/tr>\n<tr>\n<td>16h00<\/td>\n<td>Encerramento.<\/td>\n<\/tr>\n<\/tbody>\n<\/table>\n<\/figure><\/div>\n<p><br \/>\n<br \/><a href=\"https:\/\/www.canalrural.com.br\/agricultura\/sc-e-o-agro-vai-discutir-os-desafios-logisticos-do-estado\/\">Source link <\/a><\/p>\n","protected":false},"excerpt":{"rendered":"<p>S\u00e3o Francisco do Sul (SC) ser\u00e1 a sede da edi\u00e7\u00e3o 2025 do F\u00f3rum Santa Catarina e o Agro 5.0. Com<\/p>\n","protected":false},"author":1,"featured_media":21609,"comment_status":"open","ping_status":"open","sticky":false,"template":"","format":"standard","meta":{"_monsterinsights_skip_tracking":false,"_monsterinsights_sitenote_active":false,"_monsterinsights_sitenote_note":"","_monsterinsights_sitenote_category":0,"_uf_show_specific_survey":0,"_uf_disable_surveys":false,"footnotes":""},"categories":[1],"tags":[],"class_list":["post-21608","post","type-post","status-publish","format-standard","has-post-thumbnail","hentry","category-news"],"_links":{"self":[{"href":"https:\/\/agromt.news\/index.php?rest_route=\/wp\/v2\/posts\/21608"}],"collection":[{"href":"https:\/\/agromt.news\/index.php?rest_route=\/wp\/v2\/posts"}],"about":[{"href":"https:\/\/agromt.news\/index.php?rest_route=\/wp\/v2\/types\/post"}],"author":[{"embeddable":true,"href":"https:\/\/agromt.news\/index.php?rest_route=\/wp\/v2\/users\/1"}],"replies":[{"embeddable":true,"href":"https:\/\/agromt.news\/index.php?rest_route=%2Fwp%2Fv2%2Fcomments&post=21608"}],"version-history":[{"count":0,"href":"https:\/\/agromt.news\/index.php?rest_route=\/wp\/v2\/posts\/21608\/revisions"}],"wp:featuredmedia":[{"embeddable":true,"href":"https:\/\/agromt.news\/index.php?rest_route=\/wp\/v2\/media\/21609"}],"wp:attachment":[{"href":"https:\/\/agromt.news\/index.php?rest_route=%2Fwp%2Fv2%2Fmedia&parent=21608"}],"wp:term":[{"taxonomy":"category","embeddable":true,"href":"https:\/\/agromt.news\/index.php?rest_route=%2Fwp%2Fv2%2Fcategories&post=21608"},{"taxonomy":"post_tag","embeddable":true,"href":"https:\/\/agromt.news\/index.php?rest_route=%2Fwp%2Fv2%2Ftags&post=21608"}],"curies":[{"name":"wp","href":"https:\/\/api.w.org\/{rel}","templated":true}]}}