{"id":21607,"date":"2025-10-06T21:11:58","date_gmt":"2025-10-07T01:11:58","guid":{"rendered":"https:\/\/agromt.news\/?p=21607"},"modified":"2025-10-06T21:11:58","modified_gmt":"2025-10-07T01:11:58","slug":"conversa-entre-lula-e-trump-e-1o-passo-para-reequilibrar-comercio-considera-amcham-brasil","status":"publish","type":"post","link":"https:\/\/agromt.news\/?p=21607","title":{"rendered":"Conversa entre Lula e Trump \u00e9 1\u00ba passo para reequilibrar com\u00e9rcio, considera Amcham Brasil"},"content":{"rendered":"<p> <br \/>\n<br \/><img decoding=\"async\" src=\"https:\/\/agromt.news\/wp-content\/uploads\/2025\/07\/Sao-Paulo-cria-linha-de-credito-para-empresas-que-exportam.png\" \/><\/p>\n<div>\n<p>Os dados da balan\u00e7a comercial entre Brasil e Estados Unidos referentes a setembro, divulgados nesta segunda-feira (6) pelo Minist\u00e9rio do Desenvolvimento, Ind\u00fastria, Com\u00e9rcio e Servi\u00e7os (MDIC), indicam retra\u00e7\u00e3o de 20,3% nos embarques nacionais ao mercado norte-americano.<\/p>\n<p>Ao mesmo tempo, mostram crescimento de 14,3% das importa\u00e7\u00f5es brasileiras de produtos vindos do pa\u00eds de Donald Trump no per\u00edodo.<\/p>\n<p>Segundo o MDIC, no acumulado de janeiro a setembro, as exporta\u00e7\u00f5es brasileiras ca\u00edram 0,6%, enquanto as importa\u00e7\u00f5es aumentaram 11,8%, ampliando o super\u00e1vit comercial dos Estados Unidos em rela\u00e7\u00e3o ao Brasil para US$ 5,1 bilh\u00f5es.<\/p>\n<p>Na vis\u00e3o da C\u00e2mara Americana de Com\u00e9rcio para o Brasil (Amcham Brasil), o resultado refor\u00e7a o impacto das sobretaxas impostas \u00e0s exporta\u00e7\u00f5es brasileiras, que t\u00eam gerado distor\u00e7\u00f5es na corrente de com\u00e9rcio e efeitos adversos para empresas e consumidores de ambos os pa\u00edses. <\/p>\n<p>A entidade refor\u00e7a que entre os setores mais afetados incluem-se siderurgia, alum\u00ednio, m\u00e1quinas e equipamentos, al\u00e9m de madeira, qu\u00edmicos e manufaturados industriais em geral.<\/p>\n<p>\u201cNesse contexto, o di\u00e1logo entre os presidentes do Brasil e dos EUA, refor\u00e7ado pelo telefonema ocorrido nesta segunda-feira, representa um passo importante para construir solu\u00e7\u00f5es para mitigar esses impactos\u201d, diz a Amcham, em nota.<\/p>\n<p>J\u00e1 o presidente da C\u00e2mara, Abr\u00e3o Neto, o com\u00e9rcio entre os dois pa\u00edses \u00e9 sustentado por uma ampla rede de empresas, investimentos e interesses m\u00fatuos. \u201cEsperamos que o di\u00e1logo entre os presidentes abra caminho para negocia\u00e7\u00f5es que devolvam previsibilidade e permitam preservar e expandir o com\u00e9rcio e os investimentos bilaterais\u201d, afirma.<\/p>\n<\/p><\/div>\n<p><br \/>\n<br \/><a href=\"https:\/\/www.canalrural.com.br\/economia\/conversa-entre-lula-e-trump-e-1o-passo-para-reequilibrar-comercio-considera-amcham-brasil\/\">Source link <\/a><\/p>\n","protected":false},"excerpt":{"rendered":"<p>Os dados da balan\u00e7a comercial entre Brasil e Estados Unidos referentes a setembro, divulgados nesta segunda-feira (6) pelo Minist\u00e9rio do<\/p>\n","protected":false},"author":1,"featured_media":17284,"comment_status":"open","ping_status":"open","sticky":false,"template":"","format":"standard","meta":{"_monsterinsights_skip_tracking":false,"_monsterinsights_sitenote_active":false,"_monsterinsights_sitenote_note":"","_monsterinsights_sitenote_category":0,"_uf_show_specific_survey":0,"_uf_disable_surveys":false,"footnotes":""},"categories":[1],"tags":[],"class_list":["post-21607","post","type-post","status-publish","format-standard","has-post-thumbnail","hentry","category-news"],"_links":{"self":[{"href":"https:\/\/agromt.news\/index.php?rest_route=\/wp\/v2\/posts\/21607"}],"collection":[{"href":"https:\/\/agromt.news\/index.php?rest_route=\/wp\/v2\/posts"}],"about":[{"href":"https:\/\/agromt.news\/index.php?rest_route=\/wp\/v2\/types\/post"}],"author":[{"embeddable":true,"href":"https:\/\/agromt.news\/index.php?rest_route=\/wp\/v2\/users\/1"}],"replies":[{"embeddable":true,"href":"https:\/\/agromt.news\/index.php?rest_route=%2Fwp%2Fv2%2Fcomments&post=21607"}],"version-history":[{"count":0,"href":"https:\/\/agromt.news\/index.php?rest_route=\/wp\/v2\/posts\/21607\/revisions"}],"wp:featuredmedia":[{"embeddable":true,"href":"https:\/\/agromt.news\/index.php?rest_route=\/wp\/v2\/media\/17284"}],"wp:attachment":[{"href":"https:\/\/agromt.news\/index.php?rest_route=%2Fwp%2Fv2%2Fmedia&parent=21607"}],"wp:term":[{"taxonomy":"category","embeddable":true,"href":"https:\/\/agromt.news\/index.php?rest_route=%2Fwp%2Fv2%2Fcategories&post=21607"},{"taxonomy":"post_tag","embeddable":true,"href":"https:\/\/agromt.news\/index.php?rest_route=%2Fwp%2Fv2%2Ftags&post=21607"}],"curies":[{"name":"wp","href":"https:\/\/api.w.org\/{rel}","templated":true}]}}