{"id":21606,"date":"2025-10-06T20:58:21","date_gmt":"2025-10-07T00:58:21","guid":{"rendered":"https:\/\/agromt.news\/?p=21606"},"modified":"2025-10-06T20:58:21","modified_gmt":"2025-10-07T00:58:21","slug":"confira-as-cotacoes-deste-inicio-de-semana","status":"publish","type":"post","link":"https:\/\/agromt.news\/?p=21606","title":{"rendered":"confira as cota\u00e7\u00f5es deste in\u00edcio de semana"},"content":{"rendered":"<p> <br \/>\n<br \/><img decoding=\"async\" src=\"https:\/\/agromt.news\/wp-content\/uploads\/2024\/09\/boiada_carne_Pantanal.jpg\" \/><\/p>\n<div>\n<p>O mercado f\u00edsico do boi gordo volta a se deparar com neg\u00f3cios realizados acima da refer\u00eancia m\u00e9dia durante esta segunda-feira (6). <\/p>\n<p>Segundo o analista da consultoria Safras &amp; Mercado Fernando Henrique Iglesias, os frigor\u00edficos, principalmente os de menor porte, come\u00e7am a se deparar com escalas de abate mais curtas, justificando a realiza\u00e7\u00e3o de neg\u00f3cios em patamares mais altos. <\/p>\n<p>\u201cOs frigor\u00edficos de maior porte ainda sinalizam para boa incid\u00eancia de animais de parceria, com escalas de abate mais confort\u00e1veis. <strong><a href=\"https:\/\/www.canalrural.com.br\/tag\/mato-grosso\/\">Mato Grosso<\/a><\/strong> \u00e9 exce\u00e7\u00e3o ao movimento de retomada, com pre\u00e7os ainda em queda\u201d, conta. <\/p>\n<p>Iglesias refor\u00e7a que as exporta\u00e7\u00f5es seguem em alto n\u00edvel no decorrer do ano, com o pa\u00eds caminhando para um novo recorde de embarques.<\/p>\n<h2 class=\"wp-block-heading\" id=\"h-precos-medios-do-boi-gordo\">Pre\u00e7os m\u00e9dios do boi gordo <\/h2>\n<ul class=\"wp-block-list\">\n<li><strong>S\u00e3o Paulo:<\/strong> R$ 309,75 \u2014 na sexta: R$ 307,92<\/li>\n<li><strong>Goi\u00e1s:<\/strong> R$ 293,75 \u2014 R$ 292,32<\/li>\n<li><strong>Minas Gerais:<\/strong> R$ 292,06 \u2014 R$ 290,29<\/li>\n<li><strong>Mato Grosso do Sul:<\/strong> R$ 320,23 \u2014 R$ 319,55<\/li>\n<li><strong>Mato Grosso:<\/strong> R$ 292,69 \u2014 R$ 293,19<\/li>\n<\/ul>\n<h2 class=\"wp-block-heading\" id=\"h-mercado-atacadista\">Mercado atacadista<\/h2>\n<p>O mercado atacadista inicia a semana apresentando pre\u00e7os firmes, ainda em perspectiva de alta no curto prazo. Conforme o analista, isso acontece por conta da entrada dos sal\u00e1rios na economia, o que motiva a reposi\u00e7\u00e3o entre atacado e varejo. <\/p>\n<p>O quarto traseiro ainda \u00e9 precificado a R$ 25,00 por quilo e o quarto dianteiro segue no patamar de R$ 17,50, por quilo.<\/p>\n<h2 class=\"wp-block-heading\" id=\"h-cambio\">C\u00e2mbio<\/h2>\n<p>O d\u00f3lar comercial encerrou a sess\u00e3o em queda de 0,49%, sendo negociado a R$ 5,3100 para venda e a R$ 5,3080 para compra. Durante o dia, a moeda norte-americana oscilou entre a m\u00ednima de R$ 5,3080 e a m\u00e1xima de R$ 5,3488.<\/p>\n<\/p><\/div>\n<p><br \/>\n<br \/><a href=\"https:\/\/www.canalrural.com.br\/pecuaria\/precos-da-arroba-voltam-a-subir-confira-as-cotacoes-deste-inicio-de-semana\/\">Source link <\/a><\/p>\n","protected":false},"excerpt":{"rendered":"<p>O mercado f\u00edsico do boi gordo volta a se deparar com neg\u00f3cios realizados acima da refer\u00eancia m\u00e9dia durante esta segunda-feira<\/p>\n","protected":false},"author":1,"featured_media":12501,"comment_status":"open","ping_status":"open","sticky":false,"template":"","format":"standard","meta":{"_monsterinsights_skip_tracking":false,"_monsterinsights_sitenote_active":false,"_monsterinsights_sitenote_note":"","_monsterinsights_sitenote_category":0,"_uf_show_specific_survey":0,"_uf_disable_surveys":false,"footnotes":""},"categories":[1],"tags":[],"class_list":["post-21606","post","type-post","status-publish","format-standard","has-post-thumbnail","hentry","category-news"],"_links":{"self":[{"href":"https:\/\/agromt.news\/index.php?rest_route=\/wp\/v2\/posts\/21606"}],"collection":[{"href":"https:\/\/agromt.news\/index.php?rest_route=\/wp\/v2\/posts"}],"about":[{"href":"https:\/\/agromt.news\/index.php?rest_route=\/wp\/v2\/types\/post"}],"author":[{"embeddable":true,"href":"https:\/\/agromt.news\/index.php?rest_route=\/wp\/v2\/users\/1"}],"replies":[{"embeddable":true,"href":"https:\/\/agromt.news\/index.php?rest_route=%2Fwp%2Fv2%2Fcomments&post=21606"}],"version-history":[{"count":0,"href":"https:\/\/agromt.news\/index.php?rest_route=\/wp\/v2\/posts\/21606\/revisions"}],"wp:featuredmedia":[{"embeddable":true,"href":"https:\/\/agromt.news\/index.php?rest_route=\/wp\/v2\/media\/12501"}],"wp:attachment":[{"href":"https:\/\/agromt.news\/index.php?rest_route=%2Fwp%2Fv2%2Fmedia&parent=21606"}],"wp:term":[{"taxonomy":"category","embeddable":true,"href":"https:\/\/agromt.news\/index.php?rest_route=%2Fwp%2Fv2%2Fcategories&post=21606"},{"taxonomy":"post_tag","embeddable":true,"href":"https:\/\/agromt.news\/index.php?rest_route=%2Fwp%2Fv2%2Ftags&post=21606"}],"curies":[{"name":"wp","href":"https:\/\/api.w.org\/{rel}","templated":true}]}}