{"id":21604,"date":"2025-10-06T20:44:17","date_gmt":"2025-10-07T00:44:17","guid":{"rendered":"https:\/\/agromt.news\/?p=21604"},"modified":"2025-10-06T20:44:17","modified_gmt":"2025-10-07T00:44:17","slug":"homem-suspeito-por-furto-de-700-cabecas-de-gado-e-preso-em-operacao-interestadual","status":"publish","type":"post","link":"https:\/\/agromt.news\/?p=21604","title":{"rendered":"Homem suspeito por furto de 700 cabe\u00e7as de gado \u00e9 preso em opera\u00e7\u00e3o interestadual"},"content":{"rendered":"<p> <br \/>\n<br \/><img decoding=\"async\" src=\"https:\/\/agromt.news\/wp-content\/uploads\/2025\/10\/Homem-suspeito-por-furto-de-700-cabecas-de-gado-e.jpeg\" \/><\/p>\n<div>\n<p>A Pol\u00edcia Civil do Esp\u00edrito Santo (PCES) prendeu, na \u00faltima quinta-feira (2), em Vila Velha, um homem de 48 anos suspeito de furtar cerca de 700 cabe\u00e7as de gado de duas fazendas localizadas em Itabuna, no sul da <a href=\"https:\/\/www.canalrural.com.br\/tag\/bahia\/\">Bahia<\/a>. <\/p>\n<p>A opera\u00e7\u00e3o foi conduzida pela Superintend\u00eancia de Pol\u00edcia Especializada (SPE), com apoio das delegacias de Repress\u00e3o aos Crimes Rurais (DERCR) e Antissequestro (DAS), al\u00e9m da Pol\u00edcia Militar do Esp\u00edrito Santo e da Pol\u00edcia Civil da Bahia.<\/p>\n<p>De acordo com a 6\u00aa Coordenadoria Regional de Pol\u00edcia do Interior (Coorpin), o homem atuava como gerente das fazendas, e teria se aproveitado da confian\u00e7a dos propriet\u00e1rios para realizar os furtos de forma sistem\u00e1tica entre os anos de 2023 e 2024. O suspeito \u00e9 acusado por causar um preju\u00edzo estimado em mais de R$ 2 milh\u00f5es.<\/p>\n<p>Segundo a Coopin, ap\u00f3s a descoberta das irregularidades praticadas, o suspeito teria fugido para o Esp\u00edrito Santo, onde manteve uma rotina de trabalho normal.<\/p>\n<p>A Pol\u00edcia Civil da Bahia solicitou apoio \u00e0 PCES para cumprir o mandado de pris\u00e3o contra o suspeito, que, segundo as investiga\u00e7\u00f5es, estaria escondido no munic\u00edpio de Vila Velha.<\/p>\n<h2 class=\"wp-block-heading\" id=\"h-furto-qualificado-e-associacao-criminosa\">Furto qualificado e associa\u00e7\u00e3o criminosa<\/h2>\n<p>Ap\u00f3s os levantamentos da delegacia, os investigadores identificaram que suspeito estaria circulando em um ve\u00edculo na Rodovia do Sol por volta das 6h da manh\u00e3. \u00c0s 4h30 \u00e0s equipes da DAS, DERCR e da\u00a0Delegacia Especializada de Crimes Contra o Transporte de Cargas (DCCTC), com apoio da Pol\u00edcia Militar do Esp\u00edrito Santo (PMES), efetuaram a abordagem do ve\u00edculo, identificaram o condutor e deram voz de pris\u00e3o.<\/p>\n<p>O suspeito foi encaminhado ao plant\u00e3o da Pol\u00edcia Civil e vai responder por furto qualificado e associa\u00e7\u00e3o criminosa, conforme o C\u00f3digo Penal.<\/p>\n<\/p><\/div>\n<p><br \/>\n<br \/><a href=\"https:\/\/www.canalrural.com.br\/seguranca\/homem-suspeito-por-furto-de-700-cabecas-de-gado-e-preso-em-operacao-interestadual\/\">Source link <\/a><\/p>\n","protected":false},"excerpt":{"rendered":"<p>A Pol\u00edcia Civil do Esp\u00edrito Santo (PCES) prendeu, na \u00faltima quinta-feira (2), em Vila Velha, um homem de 48 anos<\/p>\n","protected":false},"author":1,"featured_media":21605,"comment_status":"open","ping_status":"open","sticky":false,"template":"","format":"standard","meta":{"_monsterinsights_skip_tracking":false,"_monsterinsights_sitenote_active":false,"_monsterinsights_sitenote_note":"","_monsterinsights_sitenote_category":0,"_uf_show_specific_survey":0,"_uf_disable_surveys":false,"footnotes":""},"categories":[1],"tags":[],"class_list":["post-21604","post","type-post","status-publish","format-standard","has-post-thumbnail","hentry","category-news"],"_links":{"self":[{"href":"https:\/\/agromt.news\/index.php?rest_route=\/wp\/v2\/posts\/21604"}],"collection":[{"href":"https:\/\/agromt.news\/index.php?rest_route=\/wp\/v2\/posts"}],"about":[{"href":"https:\/\/agromt.news\/index.php?rest_route=\/wp\/v2\/types\/post"}],"author":[{"embeddable":true,"href":"https:\/\/agromt.news\/index.php?rest_route=\/wp\/v2\/users\/1"}],"replies":[{"embeddable":true,"href":"https:\/\/agromt.news\/index.php?rest_route=%2Fwp%2Fv2%2Fcomments&post=21604"}],"version-history":[{"count":0,"href":"https:\/\/agromt.news\/index.php?rest_route=\/wp\/v2\/posts\/21604\/revisions"}],"wp:featuredmedia":[{"embeddable":true,"href":"https:\/\/agromt.news\/index.php?rest_route=\/wp\/v2\/media\/21605"}],"wp:attachment":[{"href":"https:\/\/agromt.news\/index.php?rest_route=%2Fwp%2Fv2%2Fmedia&parent=21604"}],"wp:term":[{"taxonomy":"category","embeddable":true,"href":"https:\/\/agromt.news\/index.php?rest_route=%2Fwp%2Fv2%2Fcategories&post=21604"},{"taxonomy":"post_tag","embeddable":true,"href":"https:\/\/agromt.news\/index.php?rest_route=%2Fwp%2Fv2%2Ftags&post=21604"}],"curies":[{"name":"wp","href":"https:\/\/api.w.org\/{rel}","templated":true}]}}