{"id":21597,"date":"2025-10-06T20:01:09","date_gmt":"2025-10-07T00:01:09","guid":{"rendered":"https:\/\/agromt.news\/?p=21597"},"modified":"2025-10-06T20:01:09","modified_gmt":"2025-10-07T00:01:09","slug":"clima-irregular-preocupa-produtores-de-milho","status":"publish","type":"post","link":"https:\/\/agromt.news\/?p=21597","title":{"rendered":"Clima irregular preocupa produtores de milho"},"content":{"rendered":"<p> <br \/>\n<\/p>\n<div>\n<div class=\"row\">\n<div class=\"col-lg col-infos mt-0 mt-lg-0\">\n<div class=\"section-sub-title\">\n<p itemprop=\"description\">&#13;<br \/>\n                                Milho mant\u00e9m pre\u00e7os com exporta\u00e7\u00f5es em alta&#13;\n                            <\/p>\n<\/p><\/div>\n<div class=\"container\">\n<div class=\"row\">\n<div class=\"col-lg p-0\">\n<div>\n<div class=\"block-news-main-infos mt-3 text-start\">\n<p>                                            <strong class=\"fn\" itemprop=\"author\" style=\"color: rgb(112, 112, 112); \">&#13;<br \/>\n                                                <a href=\"https:\/\/www.agrolink.com.br\/noticias\/javascript:;\" class=\"text-uppercase\" target=\"_blank\" style=\"color: rgb(112, 112, 112); \" rel=\"noopener\">Agrolink<\/a>&#13;<br \/>\n&#13;<br \/>\n                                                    &#8211; Seane Lennon&#13;<br \/>\n&#13;<br \/>\n                                            <\/strong><br \/>\n                                        <\/p>\n<p>                                            <abbr><time datetime=\"2025 - 10 - 06T13:46\" itemprop=\"datePublished dateModified\"> Publicado em 06\/10\/2025 \u00e0s 13:46h.<\/time><\/abbr>\n                                    <\/div>\n<\/p><\/div>\n<\/p><\/div>\n<div class=\"col-lg p-0 text-lg-end\">\n<div>\n<div id=\"mdEnviarPagina\" class=\"modal fade\" role=\"dialog\">\n<div class=\"modal-dialog\">\n<div class=\"modal-content\">\n<div class=\"modal-body\">\n<p><strong>Estimado usu\u00e1rio.<\/strong><br \/>Preencha o formul\u00e1rio abaixo para remeter a p\u00e1gina.<\/p>\n<\/p><\/div>\n<\/p><\/div>\n<\/p><\/div>\n<\/div><\/div>\n<\/p><\/div>\n<\/p><\/div>\n<\/p><\/div>\n<\/p><\/div>\n<\/p><\/div>\n<div class=\"row justify-content-md-center mt-3\">\n<div class=\"col-lg-auto col-image block-news-main-image\">\n<p>                                <img decoding=\"async\" src=\"https:\/\/www.agrolink.com.br\/upload\/imagens-resizes\/cf908fea3ce94068908150b23d5d2b4b_858x483.jpg\" class=\"lazyload img-fluid\"\/><br \/>\n                                                <span class=\"publicity-photo d-block mt-1\">Foto: Pixabay<\/span><\/p><\/div>\n<\/p><\/div>\n<div class=\"section-description section-description-noticias mt-3\">\n<p style=\"text-align:justify\">De acordo com an\u00e1lise divulgada nesta segunda-feira (6) pela <a href=\"http:\/\/www.graodireto.com.br\" target=\"_blank\" rel=\"noopener\">Gr\u00e3o Direto<\/a>, o plantio do <a href=\"https:\/\/www.agrolink.com.br\/culturas\/milho?utm_source=agrolink-detalhe-noticia&amp;utm_medium=detalhe-noticia&amp;utm_campaign=links-internos&#9;\" target=\"_blank\" rel=\"noopener\">milho<\/a> no Brasil j\u00e1 ultrapassa um quarto da \u00e1rea prevista, apresentando ritmos distintos conforme as condi\u00e7\u00f5es clim\u00e1ticas regionais. No Rio Grande do Sul, as chuvas recentes favoreceram a germina\u00e7\u00e3o e a emerg\u00eancia das lavouras, que j\u00e1 atingem 74% da \u00e1rea total. No Paran\u00e1, a semeadura segue acelerada e alcan\u00e7a 64%, embora produtores do norte do estado enfrentem irregularidades nas precipita\u00e7\u00f5es. Em Santa Catarina, a umidade do solo \u00e9 considerada adequada para o desenvolvimento inicial da cultura. J\u00e1 em Minas Gerais e S\u00e3o Paulo, o cen\u00e1rio \u00e9 mais preocupante, pois a falta de regularidade das chuvas mant\u00e9m o risco de d\u00e9ficit h\u00eddrico.&#13;\n<\/p>\n<p style=\"text-align:justify\">O especialista ouvido pela Gr\u00e3o Direto destacou que \u201co avan\u00e7o regionalizado do plantio reflete o impacto direto das condi\u00e7\u00f5es de clima sobre o ritmo da semeadura, exigindo aten\u00e7\u00e3o redobrada nas \u00e1reas ainda secas\u201d.<\/p>\n<p style=\"text-align:justify\">O cen\u00e1rio das exporta\u00e7\u00f5es tamb\u00e9m vem ganhando impulso. O Brasil j\u00e1 embarcou cerca de 22 milh\u00f5es de toneladas de milho neste ano e, com os 4,7 milh\u00f5es programados, o total deve atingir 26,8 milh\u00f5es de toneladas. O volume \u00e9 inferior ao registrado no mesmo per\u00edodo de 2023, quando as exporta\u00e7\u00f5es somaram 33,8 milh\u00f5es de toneladas.&#13;\n<\/p>\n<p style=\"text-align:justify\">Segundo dados da Secretaria de Com\u00e9rcio Exterior (Secex), apenas em setembro foram exportadas 6,63 milh\u00f5es de toneladas, superando em 3,27% o total embarcado no mesmo m\u00eas do ano anterior. A an\u00e1lise\u00a0ressaltou que \u201cesse avan\u00e7o, ainda que tardio, tende a sustentar as cota\u00e7\u00f5es ao longo dos pr\u00f3ximos meses\u201d. De acordo com a Gr\u00e3o Direto, assim como ocorre com a <a href=\"https:\/\/www.agrolink.com.br\/culturas\/soja?utm_source=agrolink-detalhe-noticia&amp;utm_medium=detalhe-noticia&amp;utm_campaign=links-internos\" target=\"_blank\" rel=\"noopener\">soja<\/a>, \u201cas cota\u00e7\u00f5es em Chicago devem permanecer est\u00e1veis diante da aus\u00eancia de novos relat\u00f3rios, enquanto o ritmo das exporta\u00e7\u00f5es deve seguir positivo e apoiar os pre\u00e7os no Brasil\u201d.&#13;\n<\/p>\n<\/p><\/div>\n<\/p><\/div>\n<p><script data-cfasync=\"false\">\n    !function (f, b, e, v, n, t, s) {\n        if (f.fbq) return; n = f.fbq = function () {\n            n.callMethod ?\n                n.callMethod.apply(n, arguments) : n.queue.push(arguments)\n        };\n        if (!f._fbq) f._fbq = n; n.push = n; n.loaded = !0; n.version = '2.0';\n        n.queue = []; t = b.createElement(e); t.async = !0;\n        t.src = v; s = b.getElementsByTagName(e)[0];\n        s.parentNode.insertBefore(t, s)\n    }(window, document, 'script',\n        'https:\/\/connect.facebook.net\/en_US\/fbevents.js');\n    fbq('init', '522546078623747');\n    fbq('track', 'PageView');\n<\/script><br \/>\n<br \/><br \/>\n<br \/><a href=\"https:\/\/www.agrolink.com.br\/noticias\/clima-irregular-preocupa-produtores-de-milho_506645.html\">Source link <\/a><\/p>\n","protected":false},"excerpt":{"rendered":"<p>&#13; Milho mant\u00e9m pre\u00e7os com exporta\u00e7\u00f5es em alta&#13; &#13; Agrolink&#13; &#13; &#8211; Seane Lennon&#13; &#13; Publicado em 06\/10\/2025 \u00e0s 13:46h.<\/p>\n","protected":false},"author":1,"featured_media":1615,"comment_status":"open","ping_status":"open","sticky":false,"template":"","format":"standard","meta":{"_monsterinsights_skip_tracking":false,"_monsterinsights_sitenote_active":false,"_monsterinsights_sitenote_note":"","_monsterinsights_sitenote_category":0,"_uf_show_specific_survey":0,"_uf_disable_surveys":false,"footnotes":""},"categories":[8,1,14],"tags":[],"class_list":["post-21597","post","type-post","status-publish","format-standard","has-post-thumbnail","hentry","category-agro","category-news","category-politica-agro"],"_links":{"self":[{"href":"https:\/\/agromt.news\/index.php?rest_route=\/wp\/v2\/posts\/21597"}],"collection":[{"href":"https:\/\/agromt.news\/index.php?rest_route=\/wp\/v2\/posts"}],"about":[{"href":"https:\/\/agromt.news\/index.php?rest_route=\/wp\/v2\/types\/post"}],"author":[{"embeddable":true,"href":"https:\/\/agromt.news\/index.php?rest_route=\/wp\/v2\/users\/1"}],"replies":[{"embeddable":true,"href":"https:\/\/agromt.news\/index.php?rest_route=%2Fwp%2Fv2%2Fcomments&post=21597"}],"version-history":[{"count":0,"href":"https:\/\/agromt.news\/index.php?rest_route=\/wp\/v2\/posts\/21597\/revisions"}],"wp:featuredmedia":[{"embeddable":true,"href":"https:\/\/agromt.news\/index.php?rest_route=\/wp\/v2\/media\/1615"}],"wp:attachment":[{"href":"https:\/\/agromt.news\/index.php?rest_route=%2Fwp%2Fv2%2Fmedia&parent=21597"}],"wp:term":[{"taxonomy":"category","embeddable":true,"href":"https:\/\/agromt.news\/index.php?rest_route=%2Fwp%2Fv2%2Fcategories&post=21597"},{"taxonomy":"post_tag","embeddable":true,"href":"https:\/\/agromt.news\/index.php?rest_route=%2Fwp%2Fv2%2Ftags&post=21597"}],"curies":[{"name":"wp","href":"https:\/\/api.w.org\/{rel}","templated":true}]}}