{"id":21596,"date":"2025-10-06T19:48:17","date_gmt":"2025-10-06T23:48:17","guid":{"rendered":"https:\/\/agromt.news\/?p=21596"},"modified":"2025-10-06T19:48:17","modified_gmt":"2025-10-06T23:48:17","slug":"seminario-discute-aproveitamento-sustentavel-de-dejetos-suinos-em-sc","status":"publish","type":"post","link":"https:\/\/agromt.news\/?p=21596","title":{"rendered":"Semin\u00e1rio discute aproveitamento sustent\u00e1vel de dejetos su\u00ednos em SC"},"content":{"rendered":"<p> <br \/>\n<br \/><img decoding=\"async\" src=\"https:\/\/agromt.news\/wp-content\/uploads\/2025\/07\/mesmo-com-baixa-nas-cotacoes-media-mensal-avanca.jpg\" \/><\/p>\n<div>\n<p>No dia 24 de outubro, a Embrapa Su\u00ednos e Aves, em Conc\u00f3rdia (SC), realiza o semin\u00e1rio \u201cAproveitamento sustent\u00e1vel dos dejetos su\u00ednos: aspectos t\u00e9cnicos e legais\u201d. O objetivo \u00e9 debater solu\u00e7\u00f5es, desafios e orienta\u00e7\u00f5es sobre o uso adequado dos dejetos da suinocultura e seu potencial na gera\u00e7\u00e3o de biog\u00e1s e energia como pr\u00e1ticas sustent\u00e1veis.<\/p>\n<p>A programa\u00e7\u00e3o contar\u00e1 com palestras de representantes do Instituto do Meio Ambiente de Santa Catarina (IMA), da empresa Ekodata Tecnologia e Saneamento Ambiental, al\u00e9m de pesquisadores e analistas da Embrapa. O evento tamb\u00e9m incluir\u00e1 uma visita t\u00e9cnica \u00e0 Esta\u00e7\u00e3o de Tratamento de Dejetos de Su\u00ednos (ETDS) e ao Sistema de Compostagem e Desidrata\u00e7\u00e3o de Animais Mortos (TEC-DAM), instalados na Unidade.<\/p>\n<h2 class=\"wp-block-heading\" id=\"h-inscricoes-e-publico-alvo\">Inscri\u00e7\u00f5es e p\u00fablico-alvo<\/h2>\n<p>O semin\u00e1rio \u00e9 voltado a profissionais do setor agropecu\u00e1rio e ambiental, t\u00e9cnicos do Conselho Regional de Engenharia e Agronomia de Santa Catarina (CREA-SC), entidades parceiras e produtores rurais. O evento ser\u00e1 presencial e as vagas s\u00e3o limitadas. As inscri\u00e7\u00f5es est\u00e3o abertas at\u00e9 20 de outubro, pelo link <a href=\"https:\/\/forms.gle\/uLd76iLXVd8Cg3oPA\" rel=\"nofollow\">forms.gle\/uLd76iLXVd8Cg3oPA<\/a>.<\/p>\n<p>Valdir \u00c1vila, pesquisador da Embrapa Su\u00ednos e Aves, afirmou que o evento \u00e9 uma oportunidade de integrar diferentes agentes do setor em torno de solu\u00e7\u00f5es sustent\u00e1veis e aplic\u00e1veis: \u201cO aproveitamento adequado dos dejetos su\u00ednos \u00e9 um desafio t\u00e9cnico e ambiental que exige conhecimento e coopera\u00e7\u00e3o. Nosso objetivo \u00e9 promover o di\u00e1logo entre pesquisa, \u00f3rg\u00e3os reguladores, empresas e produtores para que as tecnologias sejam aplicadas de forma eficiente, garantindo ganhos ambientais e econ\u00f4micos para toda a cadeia produtiva\u201d.<\/p>\n<h3 class=\"wp-block-heading\" id=\"h-realizacao-e-contatos\">Realiza\u00e7\u00e3o e contatos<\/h3>\n<p>O semin\u00e1rio \u00e9 uma realiza\u00e7\u00e3o da Embrapa Su\u00ednos e Aves e da Agrocon, com apoio de institui\u00e7\u00f5es parceiras.<\/p>\n<p>Para mais informa\u00e7\u00f5es, os interessados podem entrar em contato pelos canais da Embrapa Su\u00ednos e Aves:<\/p>\n<p>Mais informa\u00e7\u00f5es sobre o tema est\u00e3o dispon\u00edveis no Servi\u00e7o de Atendimento ao Cidad\u00e3o (SAC) da Embrapa: <a href=\"http:\/\/www.embrapa.br\/fale-conosco\/sac\/\" rel=\"nofollow\">www.embrapa.br\/fale-conosco\/sac\/<\/a>.<\/p>\n<p>Com informa\u00e7\u00f5es de: <a href=\"https:\/\/www.embrapa.br\/noticias-rss\/-\/asset_publisher\/HA73uEmvroGS\/content\/id\/103559756\" rel=\"nofollow\">embrapa.br<\/a>.<\/p>\n<p>Publicado com aux\u00edlio de intelig\u00eancia artificial e revis\u00e3o da Reda\u00e7\u00e3o Canal Rural.<\/p>\n<\/p><\/div>\n<p><br \/>\n<br \/><a href=\"https:\/\/www.canalrural.com.br\/aves-e-suinos\/seminario-discute-aproveitamento-sustentavel-de-dejetos-suinos-em-sc\/\">Source link <\/a><\/p>\n","protected":false},"excerpt":{"rendered":"<p>No dia 24 de outubro, a Embrapa Su\u00ednos e Aves, em Conc\u00f3rdia (SC), realiza o semin\u00e1rio \u201cAproveitamento sustent\u00e1vel dos dejetos<\/p>\n","protected":false},"author":1,"featured_media":17363,"comment_status":"open","ping_status":"open","sticky":false,"template":"","format":"standard","meta":{"_monsterinsights_skip_tracking":false,"_monsterinsights_sitenote_active":false,"_monsterinsights_sitenote_note":"","_monsterinsights_sitenote_category":0,"_uf_show_specific_survey":0,"_uf_disable_surveys":false,"footnotes":""},"categories":[1],"tags":[],"class_list":["post-21596","post","type-post","status-publish","format-standard","has-post-thumbnail","hentry","category-news"],"_links":{"self":[{"href":"https:\/\/agromt.news\/index.php?rest_route=\/wp\/v2\/posts\/21596"}],"collection":[{"href":"https:\/\/agromt.news\/index.php?rest_route=\/wp\/v2\/posts"}],"about":[{"href":"https:\/\/agromt.news\/index.php?rest_route=\/wp\/v2\/types\/post"}],"author":[{"embeddable":true,"href":"https:\/\/agromt.news\/index.php?rest_route=\/wp\/v2\/users\/1"}],"replies":[{"embeddable":true,"href":"https:\/\/agromt.news\/index.php?rest_route=%2Fwp%2Fv2%2Fcomments&post=21596"}],"version-history":[{"count":0,"href":"https:\/\/agromt.news\/index.php?rest_route=\/wp\/v2\/posts\/21596\/revisions"}],"wp:featuredmedia":[{"embeddable":true,"href":"https:\/\/agromt.news\/index.php?rest_route=\/wp\/v2\/media\/17363"}],"wp:attachment":[{"href":"https:\/\/agromt.news\/index.php?rest_route=%2Fwp%2Fv2%2Fmedia&parent=21596"}],"wp:term":[{"taxonomy":"category","embeddable":true,"href":"https:\/\/agromt.news\/index.php?rest_route=%2Fwp%2Fv2%2Fcategories&post=21596"},{"taxonomy":"post_tag","embeddable":true,"href":"https:\/\/agromt.news\/index.php?rest_route=%2Fwp%2Fv2%2Ftags&post=21596"}],"curies":[{"name":"wp","href":"https:\/\/api.w.org\/{rel}","templated":true}]}}