{"id":21585,"date":"2025-10-06T18:09:11","date_gmt":"2025-10-06T22:09:11","guid":{"rendered":"https:\/\/agromt.news\/?p=21585"},"modified":"2025-10-06T18:09:11","modified_gmt":"2025-10-06T22:09:11","slug":"area-de-soja-deve-crescer-mas-custo-de-producao-tambem-tende-a-ser-mais-alto-aponta-analista","status":"publish","type":"post","link":"https:\/\/agromt.news\/?p=21585","title":{"rendered":"&#8216;\u00c1rea de soja deve crescer, mas custo de produ\u00e7\u00e3o tamb\u00e9m tende a ser mais alto&#8217;, aponta analista"},"content":{"rendered":"<p> <br \/>\n<br \/><img decoding=\"async\" src=\"https:\/\/agromt.news\/wp-content\/uploads\/2025\/10\/Area-de-soja-deve-crescer-mas-custo-de-producao-tambem.png\" \/><\/p>\n<div>\n<p>Durante a <a href=\"https:\/\/www.canalrural.com.br\/agricultura\/projeto-soja-brasil\/sidrolandia-abre-oficialmente-a-safra-de-soja-25-26-com-presenca-de-12-mil-pessoas\/\">Abertura Nacional do Plantio da Soja<\/a>, realizada na \u00faltima sexta-feira (3) em Sidrol\u00e2ndia (MS), o analista da consultoria <a href=\"https:\/\/safras.com.br\/\">Safras &amp; Mercado<\/a>, Rafael Silveira, apresentou um panorama sobre o mercado da oleaginosa, destacando o cen\u00e1rio da safra 25\/26.<\/p>\n<p><iframe title=\"Sem investimento, analista diz que infla\u00e7\u00e3o dos insumos e juros dificultam a produ\u00e7\u00e3o de soja\" width=\"800\" height=\"450\" src=\"https:\/\/www.youtube.com\/embed\/fD8Cp0CsXd4?feature=oembed\" frameborder=\"0\" allow=\"accelerometer; autoplay; clipboard-write; encrypted-media; gyroscope; picture-in-picture; web-share\" referrerpolicy=\"strict-origin-when-cross-origin\" allowfullscreen><\/iframe><\/p>\n<ul class=\"wp-block-list\">\n<li><strong><em>Fique por dentro das novidades e not\u00edcias recentes sobre a soja! Participe da nossa comunidade atrav\u00e9s do\u00a0<a href=\"https:\/\/chat.whatsapp.com\/BmMRwA0TZ2DHGyhzoaVEWu\">link<\/a>! \ud83c\udf31<\/em><\/strong><\/li>\n<\/ul>\n<p>Segundo Silveira, 2025 tem sido um ano marcado por grande volatilidade, com tens\u00f5es geopol\u00edticas entre Estados Unidos e China, mas que tamb\u00e9m abriram espa\u00e7o para a valoriza\u00e7\u00e3o da soja brasileira. \u201dO pa\u00eds deve atingir exporta\u00e7\u00f5es recordes de 105 milh\u00f5es de toneladas, consolidando-se como o principal fornecedor global do gr\u00e3o\u201d, pontuou.<\/p>\n<p>Segundo ele, a produ\u00e7\u00e3o nacional tamb\u00e9m foi expressiva, alcan\u00e7ando 172 milh\u00f5es de toneladas, impulsionada por boas produtividades na maior parte dos estados, com exce\u00e7\u00e3o do Rio Grande do Sul. Apesar da oferta elevada, os pre\u00e7os internos permaneceram firmes, em alguns momentos acima da paridade de exporta\u00e7\u00e3o, sustentados pela demanda dom\u00e9stica.<\/p>\n<p>\u201dPara 2026, a expectativa \u00e9 de novo aumento na \u00e1rea plantada, mas com custos de produ\u00e7\u00e3o mais altos. Existe um efeito inflacion\u00e1rio sobre os insumos e as taxas de juros, que dificultam a produ\u00e7\u00e3o de soja\u201d, explicou Silveira.<\/p>\n<p>De acordo com o analista, a menor margem de investimento pode reduzir o uso de tecnologia nas lavouras, ainda que as condi\u00e7\u00f5es clim\u00e1ticas projetadas sejam favor\u00e1veis. O pa\u00eds deve registrar estoques de passagem elevados, o que pode pressionar os pr\u00eamios e os pre\u00e7os da soja brasileira, mesmo diante de uma demanda forte e exporta\u00e7\u00f5es recordes.<\/p>\n<p>Atualmente, cerca de 20% a 21% da nova safra j\u00e1 est\u00e1 comercializada, e o mercado deve seguir atento aos efeitos do clima e da oferta global sobre as cota\u00e7\u00f5es. \u201dTemos boas perspectivas de produtividade, mas tamb\u00e9m riscos para os pre\u00e7os. \u00c9 preciso cautela\u201d, concluiu Silveira.<\/p>\n<\/p><\/div>\n<p><br \/>\n<br \/><a href=\"https:\/\/www.canalrural.com.br\/agricultura\/projeto-soja-brasil\/area-de-soja-deve-crescer-mas-custo-de-producao-tende-a-ser-mais-alto-aponta-analista\/\">Source link <\/a><\/p>\n","protected":false},"excerpt":{"rendered":"<p>Durante a Abertura Nacional do Plantio da Soja, realizada na \u00faltima sexta-feira (3) em Sidrol\u00e2ndia (MS), o analista da consultoria<\/p>\n","protected":false},"author":1,"featured_media":21586,"comment_status":"open","ping_status":"open","sticky":false,"template":"","format":"standard","meta":{"_monsterinsights_skip_tracking":false,"_monsterinsights_sitenote_active":false,"_monsterinsights_sitenote_note":"","_monsterinsights_sitenote_category":0,"_uf_show_specific_survey":0,"_uf_disable_surveys":false,"footnotes":""},"categories":[1],"tags":[],"class_list":["post-21585","post","type-post","status-publish","format-standard","has-post-thumbnail","hentry","category-news"],"_links":{"self":[{"href":"https:\/\/agromt.news\/index.php?rest_route=\/wp\/v2\/posts\/21585"}],"collection":[{"href":"https:\/\/agromt.news\/index.php?rest_route=\/wp\/v2\/posts"}],"about":[{"href":"https:\/\/agromt.news\/index.php?rest_route=\/wp\/v2\/types\/post"}],"author":[{"embeddable":true,"href":"https:\/\/agromt.news\/index.php?rest_route=\/wp\/v2\/users\/1"}],"replies":[{"embeddable":true,"href":"https:\/\/agromt.news\/index.php?rest_route=%2Fwp%2Fv2%2Fcomments&post=21585"}],"version-history":[{"count":0,"href":"https:\/\/agromt.news\/index.php?rest_route=\/wp\/v2\/posts\/21585\/revisions"}],"wp:featuredmedia":[{"embeddable":true,"href":"https:\/\/agromt.news\/index.php?rest_route=\/wp\/v2\/media\/21586"}],"wp:attachment":[{"href":"https:\/\/agromt.news\/index.php?rest_route=%2Fwp%2Fv2%2Fmedia&parent=21585"}],"wp:term":[{"taxonomy":"category","embeddable":true,"href":"https:\/\/agromt.news\/index.php?rest_route=%2Fwp%2Fv2%2Fcategories&post=21585"},{"taxonomy":"post_tag","embeddable":true,"href":"https:\/\/agromt.news\/index.php?rest_route=%2Fwp%2Fv2%2Ftags&post=21585"}],"curies":[{"name":"wp","href":"https:\/\/api.w.org\/{rel}","templated":true}]}}