{"id":21573,"date":"2025-10-06T16:42:12","date_gmt":"2025-10-06T20:42:12","guid":{"rendered":"https:\/\/agromt.news\/?p=21573"},"modified":"2025-10-06T16:42:12","modified_gmt":"2025-10-06T20:42:12","slug":"governo-federal-decide-sobre-horario-de-verao","status":"publish","type":"post","link":"https:\/\/agromt.news\/?p=21573","title":{"rendered":"Governo Federal decide sobre hor\u00e1rio de ver\u00e3o"},"content":{"rendered":"<p> <br \/>\n<br \/><img decoding=\"async\" src=\"https:\/\/agromt.news\/wp-content\/uploads\/2024\/08\/termometros-vao-registrar-calor-acima-de-35-\u00b0C-hoje.jpg\" \/><\/p>\n<div>\n<p>Ap\u00f3s diversas especula\u00e7\u00f5es nas redes sociais sobre o poss\u00edvel retorno do Hor\u00e1rio de Ver\u00e3o, o Governo Federal se pronunciou oficialmente sobre o tema. Em nota divulgada na \u00faltima sexta-feira (3) pela Secretaria de Comunica\u00e7\u00e3o Social, o governo afirmou que s\u00e3o falsas as informa\u00e7\u00f5es sobre a ado\u00e7\u00e3o do Hor\u00e1rio de Ver\u00e3o neste ano.<\/p>\n<p>\u201c\u00c9 falso que o Governo do Brasil tenha decidido adotar o Hor\u00e1rio de Ver\u00e3o. Historicamente, o Hor\u00e1rio de Ver\u00e3o tinha como principal objetivo a redu\u00e7\u00e3o do consumo de energia el\u00e9trica, a partir do melhor aproveitamento da luz natural com o adiantamento dos rel\u00f3gios em uma hora. Em 2019, verificou-se que o Hor\u00e1rio de Ver\u00e3o havia deixado de produzir os benef\u00edcios energ\u00e9ticos esperados, em fun\u00e7\u00e3o da mudan\u00e7a nos h\u00e1bitos de consumo da popula\u00e7\u00e3o e da intensifica\u00e7\u00e3o do uso de equipamentos de refrigera\u00e7\u00e3o durante a tarde. Assim, a m\u00e1xima de energia havia deixado de ocorrer no per\u00edodo noturno, passando a se concentrar por volta das 15h, o que comprometia a efetividade da pol\u00edtica\u201d, diz a nota.<\/p>\n<p>Apesar de negar o retorno neste momento, o comunicado ressalta que o Minist\u00e9rio de Minas e Energia (MME) segue avaliando periodicamente o tema e n\u00e3o descarta a possibilidade de retomada da medida no futuro.<\/p>\n<p>\u201cO setor el\u00e9trico continua passando por mudan\u00e7as significativas, especialmente em fun\u00e7\u00e3o da transi\u00e7\u00e3o energ\u00e9tica e das mudan\u00e7as clim\u00e1ticas. Por isso, o Minist\u00e9rio de Minas e Energia, no \u00e2mbito do Comit\u00ea de Monitoramento do Setor El\u00e9trico (CMSE), continuar\u00e1 avaliando periodicamente a ado\u00e7\u00e3o do Hor\u00e1rio de Ver\u00e3o, com vistas a garantir a seguran\u00e7a e a confiabilidade do suprimento eletroenerg\u00e9tico no pa\u00eds\u201d, conclui o comunicado.<\/p>\n<\/p><\/div>\n<p><br \/>\n<br \/><a href=\"https:\/\/www.canalrural.com.br\/nacional\/governo-federal-decide-sobre-horario-de-verao\/\">Source link <\/a><\/p>\n","protected":false},"excerpt":{"rendered":"<p>Ap\u00f3s diversas especula\u00e7\u00f5es nas redes sociais sobre o poss\u00edvel retorno do Hor\u00e1rio de Ver\u00e3o, o Governo Federal se pronunciou oficialmente<\/p>\n","protected":false},"author":1,"featured_media":959,"comment_status":"open","ping_status":"open","sticky":false,"template":"","format":"standard","meta":{"_monsterinsights_skip_tracking":false,"_monsterinsights_sitenote_active":false,"_monsterinsights_sitenote_note":"","_monsterinsights_sitenote_category":0,"_uf_show_specific_survey":0,"_uf_disable_surveys":false,"footnotes":""},"categories":[1],"tags":[],"class_list":["post-21573","post","type-post","status-publish","format-standard","has-post-thumbnail","hentry","category-news"],"_links":{"self":[{"href":"https:\/\/agromt.news\/index.php?rest_route=\/wp\/v2\/posts\/21573"}],"collection":[{"href":"https:\/\/agromt.news\/index.php?rest_route=\/wp\/v2\/posts"}],"about":[{"href":"https:\/\/agromt.news\/index.php?rest_route=\/wp\/v2\/types\/post"}],"author":[{"embeddable":true,"href":"https:\/\/agromt.news\/index.php?rest_route=\/wp\/v2\/users\/1"}],"replies":[{"embeddable":true,"href":"https:\/\/agromt.news\/index.php?rest_route=%2Fwp%2Fv2%2Fcomments&post=21573"}],"version-history":[{"count":0,"href":"https:\/\/agromt.news\/index.php?rest_route=\/wp\/v2\/posts\/21573\/revisions"}],"wp:featuredmedia":[{"embeddable":true,"href":"https:\/\/agromt.news\/index.php?rest_route=\/wp\/v2\/media\/959"}],"wp:attachment":[{"href":"https:\/\/agromt.news\/index.php?rest_route=%2Fwp%2Fv2%2Fmedia&parent=21573"}],"wp:term":[{"taxonomy":"category","embeddable":true,"href":"https:\/\/agromt.news\/index.php?rest_route=%2Fwp%2Fv2%2Fcategories&post=21573"},{"taxonomy":"post_tag","embeddable":true,"href":"https:\/\/agromt.news\/index.php?rest_route=%2Fwp%2Fv2%2Ftags&post=21573"}],"curies":[{"name":"wp","href":"https:\/\/api.w.org\/{rel}","templated":true}]}}