{"id":21568,"date":"2025-10-06T16:09:24","date_gmt":"2025-10-06T20:09:24","guid":{"rendered":"https:\/\/agromt.news\/?p=21568"},"modified":"2025-10-06T16:09:24","modified_gmt":"2025-10-06T20:09:24","slug":"la-nina-pode-levar-estiagem-ao-centro-sul-em-outubro","status":"publish","type":"post","link":"https:\/\/agromt.news\/?p=21568","title":{"rendered":"La Ni\u00f1a pode levar estiagem ao Centro-Sul em outubro"},"content":{"rendered":"<p> <br \/>\n<\/p>\n<div>\n<p style=\"text-align:justify\">A Administra\u00e7\u00e3o Oce\u00e2nica e Atmosf\u00e9rica Nacional dos Estados Unidos (NOAA) estimou 71% de probabilidade de desenvolvimento do fen\u00f4meno La Ni\u00f1a j\u00e1 em outubro, com possibilidade de persistir at\u00e9 fevereiro de 2026. O evento oce\u00e2nico, que provoca o resfriamento das \u00e1guas superficiais do Pac\u00edfico, altera os padr\u00f5es de chuva e temperatura em diferentes regi\u00f5es do mundo. No Brasil, a ocorr\u00eancia est\u00e1 associada \u00e0 estiagem nas regi\u00f5es Centro-Sul.&#13;\n<\/p>\n<p style=\"text-align:justify\">O encerramento do vazio sanit\u00e1rio da <a href=\"https:\/\/www.agrolink.com.br\/culturas\/soja?utm_source=agrolink-detalhe-noticia&amp;utm_medium=detalhe-noticia&amp;utm_campaign=links-internos\" target=\"_blank\" rel=\"noopener\">soja<\/a> em grande parte das \u00e1reas produtoras marca o in\u00edcio do plantio da principal commodity agr\u00edcola do pa\u00eds, coincidindo com a previs\u00e3o de chegada do La Ni\u00f1a. A combina\u00e7\u00e3o aumenta o risco de estresse h\u00eddrico e redu\u00e7\u00e3o de produtividade, especialmente em estados como Paran\u00e1, Rio Grande do Sul, S\u00e3o Paulo, Goi\u00e1s e Mato Grosso do Sul, que podem enfrentar longos per\u00edodos de escassez de chuva. O impacto clim\u00e1tico tamb\u00e9m deve afetar o desenvolvimento da safra de <a href=\"https:\/\/www.agrolink.com.br\/culturas\/milho?utm_source=agrolink-detalhe-noticia&amp;utm_medium=detalhe-noticia&amp;utm_campaign=links-internos&#9;\" target=\"_blank\" rel=\"noopener\">milho<\/a> ver\u00e3o.<\/p>\n<p style=\"text-align:justify\"><a href=\"https:\/\/www.agrolink.com.br\/agrotempo?utm_source=agrolink-detalhe-noticia&amp;utm_medium=detalhe-noticia&amp;utm_campaign=links-internos\" target=\"_blank\" rel=\"noopener\">Veja mais informa\u00e7\u00f5es sobre o clima em Agrotempo<\/a><\/p>\n<p style=\"text-align:justify\">\u201cCaso se confirme, o La Ni\u00f1a vai atuar num per\u00edodo muito importante para o ciclo de produ\u00e7\u00e3o da safra, pois estamos no in\u00edcio do plantio, momento crucial que impactar\u00e1 mais adiante no enchimento de gr\u00e3os. Por isso, \u00e9 importante que os agricultores foquem o manejo no fortalecimento das ra\u00edzes, para enfrentar desafios t\u00e9rmicos, h\u00eddricos e at\u00e9 mesmo fungos\u201d, explica o agr\u00f4nomo Giovanni Ferreira, desenvolvedor de mercado da Biotrop.&#13;\n<\/p>\n<p style=\"text-align:justify\">Ferreira aponta que a aten\u00e7\u00e3o dos produtores deve incluir o controle de nematoides e outros pat\u00f3genos que intensificam os efeitos da seca. Esses organismos, ao penetrarem nas ra\u00edzes, dificultam a absor\u00e7\u00e3o de \u00e1gua. \u201cA prote\u00e7\u00e3o da planta pode e deve ser feita ainda na semente para que, quando a raiz come\u00e7ar a crescer, ela esteja protegida contra a a\u00e7\u00e3o dos nematoides. Dessa maneira, o produtor evita mais um problema al\u00e9m da falta de \u00e1gua\u201d, ressalta Giovanni.<\/p>\n<p><a href=\"https:\/\/www.agrolink.com.br\/agrolinkfito\/?utm_source=agrolink-detalhe-noticia&amp;utm_medium=detalhe-noticia&amp;utm_campaign=links-internos\" target=\"_blank\" rel=\"noopener\">Veja mais informa\u00e7\u00f5es sobre fitossanidade no Agrolinkfito<\/a><\/p>\n<p style=\"text-align:justify\">Entre os fungos de solo que podem se agravar com o tempo seco est\u00e3o a podrid\u00e3o-radicular-seca (Fusarium solani f.sp. phaseoli) e a podrid\u00e3o-de-carv\u00e3o (Macrophomina phaseolina), que comprometem o desenvolvimento das plantas. Outro fator de risco \u00e9 a fitotoxicidade, decorrente de misturas inadequadas, dosagens incorretas ou condi\u00e7\u00f5es desfavor\u00e1veis de <a href=\"https:\/\/www.agrolink.com.br\/agrolinkfito\/tecnologia-de-aplicacao\/aplicacao-terrestre\/como-aplicar-herbicidas-_481481.html\" target=\"_blank\" rel=\"noopener\">aplica\u00e7\u00e3o de defensivos<\/a>, que podem causar queima nas folhas e, em casos extremos, levar \u00e0 morte da planta.&#13;\n<\/p>\n<p style=\"text-align:justify\">Em cen\u00e1rios de baixa umidade, os efeitos da fitotoxicidade tendem a se intensificar. \u201cA recomenda\u00e7\u00e3o da Biotrop \u00e9 que o agricultor utilize solu\u00e7\u00f5es que ajudem a planta a otimizar o uso dos recursos h\u00eddricos para o seu desenvolvimento. Alguns microrganismos s\u00e3o excelentes para esse fim, como Bacillus Aryabhattai, Bacillus Haynesii e Bacilus Circulans, tr\u00edade que comp\u00f5e a formula\u00e7\u00e3o do Bioasis Power\u201d, ressalta o agr\u00f4nomo.<\/p>\n<\/p><\/div>\n<p><script data-cfasync=\"false\">\n    !function (f, b, e, v, n, t, s) {\n        if (f.fbq) return; n = f.fbq = function () {\n            n.callMethod ?\n                n.callMethod.apply(n, arguments) : n.queue.push(arguments)\n        };\n        if (!f._fbq) f._fbq = n; n.push = n; n.loaded = !0; n.version = '2.0';\n        n.queue = []; t = b.createElement(e); t.async = !0;\n        t.src = v; s = b.getElementsByTagName(e)[0];\n        s.parentNode.insertBefore(t, s)\n    }(window, document, 'script',\n        'https:\/\/connect.facebook.net\/en_US\/fbevents.js');\n    fbq('init', '522546078623747');\n    fbq('track', 'PageView');\n<\/script><br \/>\n<br \/><br \/>\n<br \/><a href=\"https:\/\/www.agrolink.com.br\/noticias\/la-nina-pode-levar-estiagem-ao-centro-sul-em-outubro_506647.html\">Source link <\/a><\/p>\n","protected":false},"excerpt":{"rendered":"<p>A Administra\u00e7\u00e3o Oce\u00e2nica e Atmosf\u00e9rica Nacional dos Estados Unidos (NOAA) estimou 71% de probabilidade de desenvolvimento do fen\u00f4meno La Ni\u00f1a<\/p>\n","protected":false},"author":1,"featured_media":8247,"comment_status":"open","ping_status":"open","sticky":false,"template":"","format":"standard","meta":{"_monsterinsights_skip_tracking":false,"_monsterinsights_sitenote_active":false,"_monsterinsights_sitenote_note":"","_monsterinsights_sitenote_category":0,"_uf_show_specific_survey":0,"_uf_disable_surveys":false,"footnotes":""},"categories":[8,1,14],"tags":[],"class_list":["post-21568","post","type-post","status-publish","format-standard","has-post-thumbnail","hentry","category-agro","category-news","category-politica-agro"],"_links":{"self":[{"href":"https:\/\/agromt.news\/index.php?rest_route=\/wp\/v2\/posts\/21568"}],"collection":[{"href":"https:\/\/agromt.news\/index.php?rest_route=\/wp\/v2\/posts"}],"about":[{"href":"https:\/\/agromt.news\/index.php?rest_route=\/wp\/v2\/types\/post"}],"author":[{"embeddable":true,"href":"https:\/\/agromt.news\/index.php?rest_route=\/wp\/v2\/users\/1"}],"replies":[{"embeddable":true,"href":"https:\/\/agromt.news\/index.php?rest_route=%2Fwp%2Fv2%2Fcomments&post=21568"}],"version-history":[{"count":0,"href":"https:\/\/agromt.news\/index.php?rest_route=\/wp\/v2\/posts\/21568\/revisions"}],"wp:featuredmedia":[{"embeddable":true,"href":"https:\/\/agromt.news\/index.php?rest_route=\/wp\/v2\/media\/8247"}],"wp:attachment":[{"href":"https:\/\/agromt.news\/index.php?rest_route=%2Fwp%2Fv2%2Fmedia&parent=21568"}],"wp:term":[{"taxonomy":"category","embeddable":true,"href":"https:\/\/agromt.news\/index.php?rest_route=%2Fwp%2Fv2%2Fcategories&post=21568"},{"taxonomy":"post_tag","embeddable":true,"href":"https:\/\/agromt.news\/index.php?rest_route=%2Fwp%2Fv2%2Ftags&post=21568"}],"curies":[{"name":"wp","href":"https:\/\/api.w.org\/{rel}","templated":true}]}}