{"id":21566,"date":"2025-10-06T16:00:51","date_gmt":"2025-10-06T20:00:51","guid":{"rendered":"https:\/\/agromt.news\/?p=21566"},"modified":"2025-10-06T16:00:51","modified_gmt":"2025-10-06T20:00:51","slug":"galipolo-diz-que-mercado-de-trabalho-e-o-mais-exuberante-em-3-decadas","status":"publish","type":"post","link":"https:\/\/agromt.news\/?p=21566","title":{"rendered":"Gal\u00edpolo diz que mercado de trabalho \u00e9 o mais exuberante em 3 d\u00e9cadas"},"content":{"rendered":"<p> <br \/>\n<br \/><img decoding=\"async\" src=\"https:\/\/agromt.news\/wp-content\/uploads\/2025\/10\/Galipolo-diz-que-mercado-de-trabalho-e-o-mais-exuberante.jpg\" \/><\/p>\n<div>\n<p>O presidente do Banco Central, Gabriel Gal\u00edpolo, disse que o mercado de trabalho no Brasil \u00e9 \u201co mais exuberante\u201d das \u00faltimas tr\u00eas d\u00e9cadas. Disse tamb\u00e9m que, pelas expectativas do mercado, n\u00e3o se v\u00ea a infla\u00e7\u00e3o atingindo a meta pelo menos at\u00e9 2028.<\/p>\n<p>A afirma\u00e7\u00e3o foi feita nesta segunda-feira (6) durante palestra proferida no Instituto Fernando Henrique Cardoso, em S\u00e3o Paulo.<\/p>\n<p>\u201cA s\u00e9rie hist\u00f3rica d\u00e1 a entender que talvez estejamos em pleno emprego. Temos dados bastante fortes do que vem acontecendo [em rela\u00e7\u00e3o a isso]. A massa salarial e o rendimento m\u00e9dio real t\u00eam uma alta bastante acentuada nesse sentido. Ent\u00e3o acho que \u00e9 dif\u00edcil dizer que a gente n\u00e3o tem, provavelmente, o mercado de trabalho mais exuberante que a gente viu nas \u00faltimas tr\u00eas d\u00e9cadas\u201d, disse o presidente do BC.<\/p>\n<p>Gal\u00edpolo disse, ainda, que para o pa\u00eds continuar crescendo sem ter uma press\u00e3o inflacion\u00e1ria, \u00e9 muito importante que esse crescimento se d\u00ea por aumento de produtividade. \u201cMas por uma produtividade que permita a gente ter uma sustentabilidade, [de forma a termos] uma dura\u00e7\u00e3o mais longa nesse crescimento\u201d, complementou.<\/p>\n<h2 class=\"wp-block-heading\" id=\"h-elevacao-dos-juros\">Eleva\u00e7\u00e3o dos juros<\/h2>\n<p>Ele reiterou que a eleva\u00e7\u00e3o dos juros se deve \u00e0s press\u00f5es inflacion\u00e1rias. \u201cA gente sabe que 15% \u00e9 uma taxa de juros elevada, mas percebam a situa\u00e7\u00e3o que a gente tinha em abril: 57% dos itens que comp\u00f5em o IPCA estavam superiores ao dobro da meta de infla\u00e7\u00e3o\u201d, disse.<\/p>\n<p>\u201cA gente n\u00e3o v\u00ea a infla\u00e7\u00e3o na meta em nenhum dos horizontes, nem at\u00e9 2028, pelas expectativas do Focus. \u00c9 \u00f3bvio que o BC tem suas pr\u00f3prias proje\u00e7\u00f5es. E a gente incorpora todas essas proje\u00e7\u00f5es. Dentro das expectativas do Focus e dentro das nossas proje\u00e7\u00f5es, esse \u00e9 um indicativo de bastante inc\u00f4modo\u201d, complementou.<\/p>\n<\/p><\/div>\n<p><br \/>\n<br \/><a href=\"https:\/\/www.canalrural.com.br\/economia\/galipolo-diz-que-mercado-de-trabalho-e-o-mais-exuberante-em-3-decadas\/\">Source link <\/a><\/p>\n","protected":false},"excerpt":{"rendered":"<p>O presidente do Banco Central, Gabriel Gal\u00edpolo, disse que o mercado de trabalho no Brasil \u00e9 \u201co mais exuberante\u201d das<\/p>\n","protected":false},"author":1,"featured_media":21567,"comment_status":"open","ping_status":"open","sticky":false,"template":"","format":"standard","meta":{"_monsterinsights_skip_tracking":false,"_monsterinsights_sitenote_active":false,"_monsterinsights_sitenote_note":"","_monsterinsights_sitenote_category":0,"_uf_show_specific_survey":0,"_uf_disable_surveys":false,"footnotes":""},"categories":[1],"tags":[],"class_list":["post-21566","post","type-post","status-publish","format-standard","has-post-thumbnail","hentry","category-news"],"_links":{"self":[{"href":"https:\/\/agromt.news\/index.php?rest_route=\/wp\/v2\/posts\/21566"}],"collection":[{"href":"https:\/\/agromt.news\/index.php?rest_route=\/wp\/v2\/posts"}],"about":[{"href":"https:\/\/agromt.news\/index.php?rest_route=\/wp\/v2\/types\/post"}],"author":[{"embeddable":true,"href":"https:\/\/agromt.news\/index.php?rest_route=\/wp\/v2\/users\/1"}],"replies":[{"embeddable":true,"href":"https:\/\/agromt.news\/index.php?rest_route=%2Fwp%2Fv2%2Fcomments&post=21566"}],"version-history":[{"count":0,"href":"https:\/\/agromt.news\/index.php?rest_route=\/wp\/v2\/posts\/21566\/revisions"}],"wp:featuredmedia":[{"embeddable":true,"href":"https:\/\/agromt.news\/index.php?rest_route=\/wp\/v2\/media\/21567"}],"wp:attachment":[{"href":"https:\/\/agromt.news\/index.php?rest_route=%2Fwp%2Fv2%2Fmedia&parent=21566"}],"wp:term":[{"taxonomy":"category","embeddable":true,"href":"https:\/\/agromt.news\/index.php?rest_route=%2Fwp%2Fv2%2Fcategories&post=21566"},{"taxonomy":"post_tag","embeddable":true,"href":"https:\/\/agromt.news\/index.php?rest_route=%2Fwp%2Fv2%2Ftags&post=21566"}],"curies":[{"name":"wp","href":"https:\/\/api.w.org\/{rel}","templated":true}]}}