{"id":21560,"date":"2025-10-06T15:00:10","date_gmt":"2025-10-06T19:00:10","guid":{"rendered":"https:\/\/agromt.news\/?p=21560"},"modified":"2025-10-06T15:00:10","modified_gmt":"2025-10-06T19:00:10","slug":"avanco-das-exportacoes-de-milho-devem-dar-suporte-aos-precos-ate-dezembro","status":"publish","type":"post","link":"https:\/\/agromt.news\/?p=21560","title":{"rendered":"Avan\u00e7o das exporta\u00e7\u00f5es de milho devem dar suporte aos pre\u00e7os at\u00e9 dezembro"},"content":{"rendered":"<p> <br \/>\n<br \/><img decoding=\"async\" src=\"https:\/\/agromt.news\/wp-content\/uploads\/2024\/11\/IB0PDylW-exportacao-de-milho.jpg\" \/><\/p>\n<div>\n<p>As exporta\u00e7\u00f5es brasileiras de milho em setembro somam 6,63 milh\u00f5es de toneladas, volume 3,27% superior ao registrado em mesmo m\u00eas de 2024, conforme a Secretaria de Com\u00e9rcio Exterior (Secex).<\/p>\n<p>Quanto ao plantio, superou 25% daa \u00e1rea, acima do ritmo de 2024 e da m\u00e9dia hist\u00f3rica, com destaque para o <strong><a href=\"https:\/\/www.canalrural.com.br\/nacional\/rio-grande-do-sul\/\">Rio Grande do Sul<\/a><\/strong>, com 74% da \u00e1rea semeada, e do <strong><a href=\"https:\/\/www.canalrural.com.br\/nacional\/parana\/\">Paran\u00e1<\/a><\/strong> e Santa Catarina, que somam 64% de evolu\u00e7\u00e3o, de acordo com a Companhia Nacional de Abastecimento <strong><a href=\"https:\/\/www.canalrural.com.br\/tag\/conab\/\">(Conab)<\/a><\/strong>.<\/p>\n<p>Na sexta-feira passada (3), o contrato de milho para novembro na Bolsa de Mercadorias de Chicago (CBOT) encerrou a US$ 4,19 por bushel, queda de 0,48% na semana. J\u00e1 na B3, o vencimento de mesmo m\u00eas recuou 0,33%, fechando a R$ 66,00 por saca. No mercado f\u00edsico, os pre\u00e7os tamb\u00e9m recuaram no balan\u00e7o semanal.<\/p>\n<h2 class=\"wp-block-heading\" id=\"h-e-agora-o-que-esperar\">E agora, o que esperar?<\/h2>\n<p>An\u00e1lise da plataforma <strong><a href=\"https:\/\/www.graodireto.com.br\/auth\/signin\/?callbackUrl=https%3A%2F%2Fwww.graodireto.com.br%2Fweb-app%2Fnews%2F8896%2F\">Gr\u00e3o Direto<\/a><\/strong> traz pontos de destaque ao mercado do milho para esta semana que se inicia. Confira:<\/p>\n<ul class=\"wp-block-list\">\n<li><strong>Plantio avan\u00e7ando:<\/strong> o plantio do milho j\u00e1 ultrapassa um quarto da \u00e1rea prevista no pa\u00eds, avan\u00e7ando em diferentes ritmos conforme as condi\u00e7\u00f5es regionais. No Rio Grande do Sul, as chuvas recentes chegaram em boa hora, favorecendo a germina\u00e7\u00e3o e a emerg\u00eancia das lavouras. No Paran\u00e1, a semeadura segue acelerada, apesar de algumas \u00e1reas do norte j\u00e1 estarem sofrendo com a irregularidade das chuvas na regi\u00e3o. \u201cEm Santa Catarina, a situa\u00e7\u00e3o \u00e9 mais confort\u00e1vel, onde o solo encontra-se com umidade suficiente para o desenvolvimento inicial da cultura. J\u00e1 nas regi\u00f5es onde a chuva ainda n\u00e3o veio com regularidade, como Minas Gerais e S\u00e3o Paulo, o risco de d\u00e9ficit h\u00eddrico \u00e9 maior e permanece como um ponto de aten\u00e7\u00e3o para os produtores\u201d, diz a Gr\u00e3o Direto.<\/li>\n<li><em>Veja em primeira m\u00e3o tudo sobre agricultura, pecu\u00e1ria, economia e previs\u00e3o do tempo:<\/em><a href=\"https:\/\/news.google.com\/publications\/CAAqBwgKMPKZlQswq_mqAw?hl=pt-BR&amp;gl=BR&amp;ceid=BR%3Apt-419\" target=\"_blank\" rel=\"noreferrer noopener\">\u00a0<em>siga o Canal Rural no Google News!<\/em><\/a><\/li>\n<li><strong>Exporta\u00e7\u00f5es se aquecendo: <\/strong>neste ano, o Brasil j\u00e1 exportou cerca de 22 milh\u00f5es de toneladas de milho e, somado aos 4,7 milh\u00f5es em embarques programados, totalizar\u00e1 26,8 milh\u00f5es de toneladas. Ainda assim, esse volume \u00e9 inferior ao registrado no mesmo per\u00edodo de 2023, quando as exporta\u00e7\u00f5es somaram 33,8 milh\u00f5es. Em setembro, por\u00e9m, o desempenho mostra avan\u00e7o em rela\u00e7\u00e3o ao ano anterior. \u201cEsse movimento, mesmo que atrasado, deve trazer tra\u00e7\u00e3o e dar suporte nas cota\u00e7\u00f5es ao longo dos meses. Assim como na soja, as cota\u00e7\u00f5es em Chicago devem seguir est\u00e1veis, diante da falta de novos dados nos relat\u00f3rios. As exporta\u00e7\u00f5es devem continuar em ritmo positivo, o que pode dar suporte aos pre\u00e7os no Brasil e levar a um aumento na paridade de exporta\u00e7\u00e3o\u201d, destaca a plataforma.<\/li>\n<\/ul><\/div>\n<p><br \/>\n<br \/><a href=\"https:\/\/www.canalrural.com.br\/agricultura\/avanco-das-exportacoes-de-milho-devem-dar-suporte-aos-precos-ate-dezembro\/\">Source link <\/a><\/p>\n","protected":false},"excerpt":{"rendered":"<p>As exporta\u00e7\u00f5es brasileiras de milho em setembro somam 6,63 milh\u00f5es de toneladas, volume 3,27% superior ao registrado em mesmo m\u00eas<\/p>\n","protected":false},"author":1,"featured_media":13610,"comment_status":"open","ping_status":"open","sticky":false,"template":"","format":"standard","meta":{"_monsterinsights_skip_tracking":false,"_monsterinsights_sitenote_active":false,"_monsterinsights_sitenote_note":"","_monsterinsights_sitenote_category":0,"_uf_show_specific_survey":0,"_uf_disable_surveys":false,"footnotes":""},"categories":[1],"tags":[],"class_list":["post-21560","post","type-post","status-publish","format-standard","has-post-thumbnail","hentry","category-news"],"_links":{"self":[{"href":"https:\/\/agromt.news\/index.php?rest_route=\/wp\/v2\/posts\/21560"}],"collection":[{"href":"https:\/\/agromt.news\/index.php?rest_route=\/wp\/v2\/posts"}],"about":[{"href":"https:\/\/agromt.news\/index.php?rest_route=\/wp\/v2\/types\/post"}],"author":[{"embeddable":true,"href":"https:\/\/agromt.news\/index.php?rest_route=\/wp\/v2\/users\/1"}],"replies":[{"embeddable":true,"href":"https:\/\/agromt.news\/index.php?rest_route=%2Fwp%2Fv2%2Fcomments&post=21560"}],"version-history":[{"count":0,"href":"https:\/\/agromt.news\/index.php?rest_route=\/wp\/v2\/posts\/21560\/revisions"}],"wp:featuredmedia":[{"embeddable":true,"href":"https:\/\/agromt.news\/index.php?rest_route=\/wp\/v2\/media\/13610"}],"wp:attachment":[{"href":"https:\/\/agromt.news\/index.php?rest_route=%2Fwp%2Fv2%2Fmedia&parent=21560"}],"wp:term":[{"taxonomy":"category","embeddable":true,"href":"https:\/\/agromt.news\/index.php?rest_route=%2Fwp%2Fv2%2Fcategories&post=21560"},{"taxonomy":"post_tag","embeddable":true,"href":"https:\/\/agromt.news\/index.php?rest_route=%2Fwp%2Fv2%2Ftags&post=21560"}],"curies":[{"name":"wp","href":"https:\/\/api.w.org\/{rel}","templated":true}]}}