{"id":21552,"date":"2025-10-06T13:31:59","date_gmt":"2025-10-06T17:31:59","guid":{"rendered":"https:\/\/agromt.news\/?p=21552"},"modified":"2025-10-06T13:31:59","modified_gmt":"2025-10-06T17:31:59","slug":"tempo-seco-e-calor-extremo-elevam-risco-de-incendios-em-sao-paulo","status":"publish","type":"post","link":"https:\/\/agromt.news\/?p=21552","title":{"rendered":"Tempo seco e calor extremo elevam risco de inc\u00eandios em S\u00e3o Paulo"},"content":{"rendered":"<p> <br \/>\n<br \/><img decoding=\"async\" src=\"https:\/\/agromt.news\/wp-content\/uploads\/2025\/10\/Tempo-seco-e-calor-extremo-elevam-risco-de-incendios-em.jpeg\" \/><\/p>\n<div>\n<p>A <a href=\"https:\/\/www.canalrural.com.br\/tag\/defesa-civil\/\">Defesa Civil<\/a> de S\u00e3o Paulo alerta que o risco de inc\u00eandios em vegeta\u00e7\u00e3o permanece alto em quase todo o estado. As condi\u00e7\u00f5es t\u00edpicas da estiagem seguem cr\u00edticas e demandam aten\u00e7\u00e3o intensificada das equipes municipais e estaduais.<\/p>\n<p>No \u00faltimo domingo (5), grandes \u00e1reas do estado estavam em n\u00edvel de emerg\u00eancia (roxo), com destaque para as regi\u00f5es de Ribeir\u00e3o Preto, Bauru, Araraquara e Presidente Prudente. <\/p>\n<p>O n\u00edvel de alerta (vermelho) se concentrava no Vale do Para\u00edba, na Regi\u00e3o Metropolitana de S\u00e3o Paulo e no litoral sul, onde a baixa umidade e os ventos constantes ampliavam o risco de propaga\u00e7\u00e3o do fogo.<\/p>\n<p>Nesta segunda-feira (6), o cen\u00e1rio segue preocupante, com a expans\u00e3o das \u00e1reas em n\u00edvel de emerg\u00eancia para al\u00e9m do interior paulista. <\/p>\n<p>Al\u00e9m das regi\u00f5es noroeste, centro e oeste que abrangem munic\u00edpios como Barretos, Ara\u00e7atuba, S\u00e3o Jos\u00e9 do Rio Preto, Mar\u00edlia, Assis, Bauru e Presidente Prudente, o n\u00edvel cr\u00edtico tamb\u00e9m alcan\u00e7ou a faixa leste, incluindo parte do Vale do Para\u00edba, a Regi\u00e3o Metropolitana e trechos do litoral norte.<\/p>\n<p>O n\u00edvel de alerta permanece ao longo do litoral, onde a vegeta\u00e7\u00e3o seca, as altas temperaturas e a baixa umidade relativa do ar criam condi\u00e7\u00f5es favor\u00e1veis \u00e0 propaga\u00e7\u00e3o de inc\u00eandios.<\/p>\n<p>Na ter\u00e7a-feira (7), h\u00e1 previs\u00e3o de leve redu\u00e7\u00e3o das \u00e1reas em emerg\u00eancia, com avan\u00e7o dos n\u00edveis de alerta (vermelho) e alto (laranja) sobre o centro e oeste do estado, especialmente nas regi\u00f5es de Bauru, Piracicaba, Mar\u00edlia e Presidente Prudente. Apesar dessa pequena melhora, o risco segue elevado e requer monitoramento constante.<\/p>\n<h2 class=\"wp-block-heading\" id=\"h-atencao-maxima\">Aten\u00e7\u00e3o m\u00e1xima<\/h2>\n<p>A Defesa Civil refor\u00e7a que todo o estado segue em aten\u00e7\u00e3o m\u00e1xima. A popula\u00e7\u00e3o deve evitar o uso do fogo para limpeza de terrenos ou descarte de lixo e acionar imediatamente as autoridades locais ao identificar fuma\u00e7a ou focos de inc\u00eandio.<\/p>\n<\/p><\/div>\n<p><br \/>\n<br \/><a href=\"https:\/\/www.canalrural.com.br\/seguranca\/tempo-seco-e-calor-extremo-elevam-risco-de-incendios-em-sao-paulo\/\">Source link <\/a><\/p>\n","protected":false},"excerpt":{"rendered":"<p>A Defesa Civil de S\u00e3o Paulo alerta que o risco de inc\u00eandios em vegeta\u00e7\u00e3o permanece alto em quase todo o<\/p>\n","protected":false},"author":1,"featured_media":21553,"comment_status":"open","ping_status":"open","sticky":false,"template":"","format":"standard","meta":{"_monsterinsights_skip_tracking":false,"_monsterinsights_sitenote_active":false,"_monsterinsights_sitenote_note":"","_monsterinsights_sitenote_category":0,"_uf_show_specific_survey":0,"_uf_disable_surveys":false,"footnotes":""},"categories":[1],"tags":[],"class_list":["post-21552","post","type-post","status-publish","format-standard","has-post-thumbnail","hentry","category-news"],"_links":{"self":[{"href":"https:\/\/agromt.news\/index.php?rest_route=\/wp\/v2\/posts\/21552"}],"collection":[{"href":"https:\/\/agromt.news\/index.php?rest_route=\/wp\/v2\/posts"}],"about":[{"href":"https:\/\/agromt.news\/index.php?rest_route=\/wp\/v2\/types\/post"}],"author":[{"embeddable":true,"href":"https:\/\/agromt.news\/index.php?rest_route=\/wp\/v2\/users\/1"}],"replies":[{"embeddable":true,"href":"https:\/\/agromt.news\/index.php?rest_route=%2Fwp%2Fv2%2Fcomments&post=21552"}],"version-history":[{"count":0,"href":"https:\/\/agromt.news\/index.php?rest_route=\/wp\/v2\/posts\/21552\/revisions"}],"wp:featuredmedia":[{"embeddable":true,"href":"https:\/\/agromt.news\/index.php?rest_route=\/wp\/v2\/media\/21553"}],"wp:attachment":[{"href":"https:\/\/agromt.news\/index.php?rest_route=%2Fwp%2Fv2%2Fmedia&parent=21552"}],"wp:term":[{"taxonomy":"category","embeddable":true,"href":"https:\/\/agromt.news\/index.php?rest_route=%2Fwp%2Fv2%2Fcategories&post=21552"},{"taxonomy":"post_tag","embeddable":true,"href":"https:\/\/agromt.news\/index.php?rest_route=%2Fwp%2Fv2%2Ftags&post=21552"}],"curies":[{"name":"wp","href":"https:\/\/api.w.org\/{rel}","templated":true}]}}