{"id":21551,"date":"2025-10-06T12:50:11","date_gmt":"2025-10-06T16:50:11","guid":{"rendered":"https:\/\/agromt.news\/?p=21551"},"modified":"2025-10-06T12:50:11","modified_gmt":"2025-10-06T16:50:11","slug":"lula-pede-retirada-de-sobretaxa-e-combina-reuniao-presencial-com-trump","status":"publish","type":"post","link":"https:\/\/agromt.news\/?p=21551","title":{"rendered":"Lula pede retirada de sobretaxa e combina reuni\u00e3o presencial com Trump"},"content":{"rendered":"<p> <br \/>\n<br \/><img decoding=\"async\" src=\"https:\/\/agromt.news\/wp-content\/uploads\/2024\/11\/lula-parabeniza-trump.jpg\" \/><\/p>\n<div>\n<p>O Pal\u00e1cio do Planalto confirmou, por meio de nota \u00e0 imprensa, o telefonema entre o presidente Luiz In\u00e1cio Lula da Silva e o presidente dos Estados Unidos, Donald Trump, na manh\u00e3 desta segunda-feira (6).<\/p>\n<p>Segundo o comunicado, durante a conversa, que durou cerca de meia hora, o presidente brasileiro solicitou a retirada da sobretaxa de 40% imposta a produtos nacionais, al\u00e9m da suspens\u00e3o das medidas restritivas aplicadas contra autoridades brasileiras.<\/p>\n<p>Ainda de acordo com a nota, Trump designou o secret\u00e1rio de Estado, Marco Rubio, para dar sequ\u00eancia \u00e0s negocia\u00e7\u00f5es com o vice-presidente Geraldo Alckmin, o chanceler Mauro Vieira e o ministro da Fazenda, Fernando Haddad.<\/p>\n<p>Durante o telefonema, Lula e Trump tamb\u00e9m acertaram um encontro presencial. O presidente brasileiro sugeriu que a reuni\u00e3o ocorra durante a C\u00fapula da ASEAN, na Mal\u00e1sia, prevista para o fim do m\u00eas.<\/p>\n<h3 class=\"wp-block-heading\" id=\"h-encontro-na-onu\">Encontro na ONU<\/h3>\n<p>A conversa entre os dois chefes de Estado ocorre ap\u00f3s um breve encontro durante a Assembleia Geral das Na\u00e7\u00f5es Unidas, realizada no m\u00eas passado, em Nova York. Na ocasi\u00e3o, <a href=\"https:\/\/www.canalrural.com.br\/internacional\/trump-disse-que-combinou-de-conversar-com-lula-na-proxima-semana\/\">Trump afirmou em discurso que havia combinado com Lula de conversar posteriormente<\/a> e elogiou o presidente brasileiro.<\/p>\n<p>\u201cEu estava entrando no plen\u00e1rio da ONU, e o l\u00edder do Brasil estava saindo. Eu o vi, ele me viu, e nos abra\u00e7amos. Na verdade, concordamos que nos encontrar\u00edamos na semana que vem. N\u00e3o tivemos muito tempo para conversar, tipo uns 20 segundos. Mas ele pareceu um cara muito legal. Ele gostou de mim, e eu gostei dele\u201d, disse Trump.<\/p>\n<\/p><\/div>\n<p><br \/>\n<br \/><a href=\"https:\/\/www.canalrural.com.br\/nacional\/lula-pede-retirada-de-sobretaxa-e-combina-reuniao-presencial-com-trump\/\">Source link <\/a><\/p>\n","protected":false},"excerpt":{"rendered":"<p>O Pal\u00e1cio do Planalto confirmou, por meio de nota \u00e0 imprensa, o telefonema entre o presidente Luiz In\u00e1cio Lula da<\/p>\n","protected":false},"author":1,"featured_media":4551,"comment_status":"open","ping_status":"open","sticky":false,"template":"","format":"standard","meta":{"_monsterinsights_skip_tracking":false,"_monsterinsights_sitenote_active":false,"_monsterinsights_sitenote_note":"","_monsterinsights_sitenote_category":0,"_uf_show_specific_survey":0,"_uf_disable_surveys":false,"footnotes":""},"categories":[1],"tags":[],"class_list":["post-21551","post","type-post","status-publish","format-standard","has-post-thumbnail","hentry","category-news"],"_links":{"self":[{"href":"https:\/\/agromt.news\/index.php?rest_route=\/wp\/v2\/posts\/21551"}],"collection":[{"href":"https:\/\/agromt.news\/index.php?rest_route=\/wp\/v2\/posts"}],"about":[{"href":"https:\/\/agromt.news\/index.php?rest_route=\/wp\/v2\/types\/post"}],"author":[{"embeddable":true,"href":"https:\/\/agromt.news\/index.php?rest_route=\/wp\/v2\/users\/1"}],"replies":[{"embeddable":true,"href":"https:\/\/agromt.news\/index.php?rest_route=%2Fwp%2Fv2%2Fcomments&post=21551"}],"version-history":[{"count":0,"href":"https:\/\/agromt.news\/index.php?rest_route=\/wp\/v2\/posts\/21551\/revisions"}],"wp:featuredmedia":[{"embeddable":true,"href":"https:\/\/agromt.news\/index.php?rest_route=\/wp\/v2\/media\/4551"}],"wp:attachment":[{"href":"https:\/\/agromt.news\/index.php?rest_route=%2Fwp%2Fv2%2Fmedia&parent=21551"}],"wp:term":[{"taxonomy":"category","embeddable":true,"href":"https:\/\/agromt.news\/index.php?rest_route=%2Fwp%2Fv2%2Fcategories&post=21551"},{"taxonomy":"post_tag","embeddable":true,"href":"https:\/\/agromt.news\/index.php?rest_route=%2Fwp%2Fv2%2Ftags&post=21551"}],"curies":[{"name":"wp","href":"https:\/\/api.w.org\/{rel}","templated":true}]}}