{"id":21546,"date":"2025-10-06T11:39:34","date_gmt":"2025-10-06T15:39:34","guid":{"rendered":"https:\/\/agromt.news\/?p=21546"},"modified":"2025-10-06T11:39:34","modified_gmt":"2025-10-06T15:39:34","slug":"lula-conversa-com-trump-sobre-tarifaco-por-videoconferencia","status":"publish","type":"post","link":"https:\/\/agromt.news\/?p=21546","title":{"rendered":"Lula conversa com Trump sobre tarifa\u00e7o por videoconfer\u00eancia"},"content":{"rendered":"<p> <br \/>\n<br \/><img decoding=\"async\" src=\"https:\/\/agromt.news\/wp-content\/uploads\/2024\/11\/lula-parabeniza-trump.jpg\" \/><\/p>\n<div>\n<p>De acordo com informa\u00e7\u00f5es do <em>G1<\/em> e do <em>UOL<\/em>, o presidente Luiz In\u00e1cio Lula da Silva conversou por videoconfer\u00eancia, na manh\u00e3 desta segunda-feira (6), com o presidente dos Estados Unidos, Donald Trump. A reuni\u00e3o come\u00e7ou por volta das 10h30 e durou cerca de meia hora.<\/p>\n<p>Lula participou da videoconfer\u00eancia do Pal\u00e1cio da Alvorada, resid\u00eancia oficial da Presid\u00eancia da Rep\u00fablica, acompanhado do vice-presidente Geraldo Alckmin e dos ministros Fernando Haddad (Fazenda), Mauro Vieira (Rela\u00e7\u00f5es Exteriores) e Sid\u00f4nio Palmeira (Secretaria de Comunica\u00e7\u00e3o).<\/p>\n<p>Na avalia\u00e7\u00e3o do ministro da Fazenda, Fernando Haddad, a conversa foi positiva. O principal assunto tratado no encontro foi o tarifa\u00e7o imposto pela administra\u00e7\u00e3o Trump ao Brasil desde agosto.<\/p>\n<h3 class=\"wp-block-heading\" id=\"h-encontro-na-onu\">Encontro na ONU<\/h3>\n<p>A conversa entre os dois chefes de Estado ocorre ap\u00f3s um breve encontro durante a Assembleia Geral das Na\u00e7\u00f5es Unidas, realizada no m\u00eas passado, em Nova York. Na ocasi\u00e3o, <a href=\"https:\/\/www.canalrural.com.br\/internacional\/trump-disse-que-combinou-de-conversar-com-lula-na-proxima-semana\/\">Trump afirmou em discurso que havia combinado com Lula de conversar posteriormente<\/a> e elogiou o presidente brasileiro.<\/p>\n<p>\u201cEu estava entrando no plen\u00e1rio da ONU, e o l\u00edder do Brasil estava saindo. Eu o vi, ele me viu, e nos abra\u00e7amos. Na verdade, concordamos que nos encontrar\u00edamos na semana que vem. N\u00e3o tivemos muito tempo para conversar, tipo uns 20 segundos. Mas ele pareceu um cara muito legal. Ele gostou de mim, e eu gostei dele\u201d, disse Trump.<\/p>\n<\/p><\/div>\n<p><br \/>\n<br \/><a href=\"https:\/\/www.canalrural.com.br\/nacional\/lula-conversa-com-trump-por-videoconferencia\/\">Source link <\/a><\/p>\n","protected":false},"excerpt":{"rendered":"<p>De acordo com informa\u00e7\u00f5es do G1 e do UOL, o presidente Luiz In\u00e1cio Lula da Silva conversou por videoconfer\u00eancia, na<\/p>\n","protected":false},"author":1,"featured_media":4551,"comment_status":"open","ping_status":"open","sticky":false,"template":"","format":"standard","meta":{"_monsterinsights_skip_tracking":false,"_monsterinsights_sitenote_active":false,"_monsterinsights_sitenote_note":"","_monsterinsights_sitenote_category":0,"_uf_show_specific_survey":0,"_uf_disable_surveys":false,"footnotes":""},"categories":[1],"tags":[],"class_list":["post-21546","post","type-post","status-publish","format-standard","has-post-thumbnail","hentry","category-news"],"_links":{"self":[{"href":"https:\/\/agromt.news\/index.php?rest_route=\/wp\/v2\/posts\/21546"}],"collection":[{"href":"https:\/\/agromt.news\/index.php?rest_route=\/wp\/v2\/posts"}],"about":[{"href":"https:\/\/agromt.news\/index.php?rest_route=\/wp\/v2\/types\/post"}],"author":[{"embeddable":true,"href":"https:\/\/agromt.news\/index.php?rest_route=\/wp\/v2\/users\/1"}],"replies":[{"embeddable":true,"href":"https:\/\/agromt.news\/index.php?rest_route=%2Fwp%2Fv2%2Fcomments&post=21546"}],"version-history":[{"count":0,"href":"https:\/\/agromt.news\/index.php?rest_route=\/wp\/v2\/posts\/21546\/revisions"}],"wp:featuredmedia":[{"embeddable":true,"href":"https:\/\/agromt.news\/index.php?rest_route=\/wp\/v2\/media\/4551"}],"wp:attachment":[{"href":"https:\/\/agromt.news\/index.php?rest_route=%2Fwp%2Fv2%2Fmedia&parent=21546"}],"wp:term":[{"taxonomy":"category","embeddable":true,"href":"https:\/\/agromt.news\/index.php?rest_route=%2Fwp%2Fv2%2Fcategories&post=21546"},{"taxonomy":"post_tag","embeddable":true,"href":"https:\/\/agromt.news\/index.php?rest_route=%2Fwp%2Fv2%2Ftags&post=21546"}],"curies":[{"name":"wp","href":"https:\/\/api.w.org\/{rel}","templated":true}]}}