{"id":21543,"date":"2025-10-06T11:10:40","date_gmt":"2025-10-06T15:10:40","guid":{"rendered":"https:\/\/agromt.news\/?p=21543"},"modified":"2025-10-06T11:10:40","modified_gmt":"2025-10-06T15:10:40","slug":"sidrolandia-abre-a-safra-de-soja-25-26-com-presenca-de-12-mil-pessoas","status":"publish","type":"post","link":"https:\/\/agromt.news\/?p=21543","title":{"rendered":"Sidrol\u00e2ndia abre a safra de soja 25\/26 com presen\u00e7a de 1,2 mil pessoas"},"content":{"rendered":"<p> <br \/>\n<br \/><img decoding=\"async\" src=\"https:\/\/agromt.news\/wp-content\/uploads\/2025\/10\/Sidrolandia-abre-a-safra-de-soja-2526-com-presenca-de.jpeg\" \/><\/p>\n<div>\n<p>Na \u00faltima sexta-feira (3), a cidade de Sidrol\u00e2ndia, em Mato Grosso do Sul, foi anfitri\u00e3 da Abertura Nacional do Plantio da Soja 2025\/26, em um evento que reuniu cerca de 1.200 pessoas na Fazenda Recanto, do Grupo Trevo. O <a href=\"https:\/\/www.canalrural.com.br\/agricultura\/projeto-soja-brasil\/inicio-da-semeadura-da-soja-mostra-como-o-agro-e-parte-da-identidade-do-brasil-diz-presidente-da-aprosoja-ms\/\">encontro marcou o in\u00edcio oficial da nova safra <\/a>e destacou tanto os desafios quanto as oportunidades do setor. Caso voc\u00ea n\u00e3o tenha conseguido comparecer ou n\u00e3o deu tempo de acompanhar o encontro, acesse o <a href=\"https:\/\/www.youtube.com\/watch?v=X02Z3JTRyGI&amp;t=4661s\">link<\/a>.<\/p>\n<ul class=\"wp-block-list\">\n<li><strong><em>Fique por dentro das novidades e not\u00edcias recentes sobre a soja! Participe da nossa comunidade atrav\u00e9s do\u00a0<a href=\"https:\/\/chat.whatsapp.com\/BmMRwA0TZ2DHGyhzoaVEWu\">link<\/a>! \ud83c\udf31<\/em><\/strong><\/li>\n<li>\n<\/li>\n<\/ul>\n<p><iframe title=\"Abertura nacional do plantio da soja 25\/26 \u00e9 realizada no Mato Grosso do Sul\" width=\"800\" height=\"450\" src=\"https:\/\/www.youtube.com\/embed\/jHoiIaazqE0?feature=oembed\" frameborder=\"0\" allow=\"accelerometer; autoplay; clipboard-write; encrypted-media; gyroscope; picture-in-picture; web-share\" referrerpolicy=\"strict-origin-when-cross-origin\" allowfullscreen><\/iframe><noscript><iframe title=\"Abertura nacional do plantio da soja 25\/26 \u00e9 realizada no Mato Grosso do Sul\" width=\"800\" height=\"450\" src=\"https:\/\/www.youtube.com\/embed\/jHoiIaazqE0?feature=oembed\" frameborder=\"0\" allow=\"accelerometer; autoplay; clipboard-write; encrypted-media; gyroscope; picture-in-picture; web-share\" referrerpolicy=\"strict-origin-when-cross-origin\" allowfullscreen><\/iframe><\/noscript><\/p>\n<p>Para Maur\u00edcio Buffon, presidente da <a href=\"https:\/\/aprosojabrasil.com.br\/\">Aprosoja Brasil <\/a>e parceiro do projeto Soja Brasil, a parceria com o Canal Rural \u00e9 fundamental para levar informa\u00e7\u00e3o de qualidade ao produtor. Ele refor\u00e7ou que esta safra ser\u00e1 marcada por obst\u00e1culos, tamb\u00e9m relacionados ao acesso ao cr\u00e9dito, mas ressaltou a capacidade de resili\u00eancia do agricultor brasileiro.<\/p>\n<p>\u201dO produtor rural \u00e9 desafiador e criativo. Ele vai encontrar sa\u00eddas, aproveitar os melhores momentos e alcan\u00e7ar bons resultados em suas propriedades\u201d, afirmou o presidente. <\/p>\n<p>O presidente do Sindicato Rural de Sidrol\u00e2ndia, Paulo Stefanello, comemorou a realiza\u00e7\u00e3o do evento no munic\u00edpio e ressaltou a contribui\u00e7\u00e3o da chuva para o in\u00edcio da safra. Segundo ele, a precipita\u00e7\u00e3o recente trouxe \u00e2nimo e confian\u00e7a aos produtores. \u201dEsperamos uma boa produ\u00e7\u00e3o, pre\u00e7os melhores e, consequentemente, maior rentabilidade. Que Deus nos ajude a ter uma \u00f3tima safra de soja 2025\/26\u201d, afirmou.<\/p>\n<p>O anfitri\u00e3o do evento, L\u00facio Basso, propriet\u00e1rio da Fazenda Recanto, tamb\u00e9m destacou a import\u00e2ncia da chuva ap\u00f3s quase 90 dias de estiagem. \u201cFoi muito bem-vinda. Agora sim vamos iniciar o plantio com umidade no solo e seguran\u00e7a. S\u00f3 temos a agradecer ao Canal Rural, \u00e0 Aprosoja Brasil e MS, e a todos que participaram da organiza\u00e7\u00e3o\u201d, ressaltou.<\/p>\n<p>Al\u00e9m de pain\u00e9is e discursos, o evento contou com programa\u00e7\u00e3o cultural, incluindo almo\u00e7o e show, celebrando o in\u00edcio de mais uma temporada do gr\u00e3o mais importante do agroneg\u00f3cio brasileiro.<\/p>\n<\/p><\/div>\n<p><br \/>\n<br \/><a href=\"https:\/\/www.canalrural.com.br\/agricultura\/projeto-soja-brasil\/sidrolandia-abre-oficialmente-a-safra-de-soja-25-26-com-presenca-de-12-mil-pessoas\/\">Source link <\/a><\/p>\n","protected":false},"excerpt":{"rendered":"<p>Na \u00faltima sexta-feira (3), a cidade de Sidrol\u00e2ndia, em Mato Grosso do Sul, foi anfitri\u00e3 da Abertura Nacional do Plantio<\/p>\n","protected":false},"author":1,"featured_media":21544,"comment_status":"open","ping_status":"open","sticky":false,"template":"","format":"standard","meta":{"_monsterinsights_skip_tracking":false,"_monsterinsights_sitenote_active":false,"_monsterinsights_sitenote_note":"","_monsterinsights_sitenote_category":0,"_uf_show_specific_survey":0,"_uf_disable_surveys":false,"footnotes":""},"categories":[1],"tags":[],"class_list":["post-21543","post","type-post","status-publish","format-standard","has-post-thumbnail","hentry","category-news"],"_links":{"self":[{"href":"https:\/\/agromt.news\/index.php?rest_route=\/wp\/v2\/posts\/21543"}],"collection":[{"href":"https:\/\/agromt.news\/index.php?rest_route=\/wp\/v2\/posts"}],"about":[{"href":"https:\/\/agromt.news\/index.php?rest_route=\/wp\/v2\/types\/post"}],"author":[{"embeddable":true,"href":"https:\/\/agromt.news\/index.php?rest_route=\/wp\/v2\/users\/1"}],"replies":[{"embeddable":true,"href":"https:\/\/agromt.news\/index.php?rest_route=%2Fwp%2Fv2%2Fcomments&post=21543"}],"version-history":[{"count":0,"href":"https:\/\/agromt.news\/index.php?rest_route=\/wp\/v2\/posts\/21543\/revisions"}],"wp:featuredmedia":[{"embeddable":true,"href":"https:\/\/agromt.news\/index.php?rest_route=\/wp\/v2\/media\/21544"}],"wp:attachment":[{"href":"https:\/\/agromt.news\/index.php?rest_route=%2Fwp%2Fv2%2Fmedia&parent=21543"}],"wp:term":[{"taxonomy":"category","embeddable":true,"href":"https:\/\/agromt.news\/index.php?rest_route=%2Fwp%2Fv2%2Fcategories&post=21543"},{"taxonomy":"post_tag","embeddable":true,"href":"https:\/\/agromt.news\/index.php?rest_route=%2Fwp%2Fv2%2Ftags&post=21543"}],"curies":[{"name":"wp","href":"https:\/\/api.w.org\/{rel}","templated":true}]}}