{"id":21542,"date":"2025-10-06T10:53:02","date_gmt":"2025-10-06T14:53:02","guid":{"rendered":"https:\/\/agromt.news\/?p=21542"},"modified":"2025-10-06T10:53:02","modified_gmt":"2025-10-06T14:53:02","slug":"precos-dos-feijoes-voltam-a-cair-em-algumas-pracas","status":"publish","type":"post","link":"https:\/\/agromt.news\/?p=21542","title":{"rendered":"Pre\u00e7os dos feij\u00f5es voltam a cair em algumas pra\u00e7as"},"content":{"rendered":"<p> <br \/>\n<br \/><img decoding=\"async\" src=\"https:\/\/agromt.news\/wp-content\/uploads\/2025\/05\/Feijao-preto-tem-queda-no-preco-enquanto-o-carioca-se.jpg\" \/><\/p>\n<div>\n<p>Ap\u00f3s apresentar avan\u00e7os mais expressivos na segunda quinzena de setembro, os pre\u00e7os dos feij\u00f5es carioca e preto recuaram em algumas regi\u00f5es. Isso \u00e9 o que apontam os levantamentos do <a href=\"https:\/\/www.canalrural.com.br\/tag\/cepea\/\">Centro de Estudos Avan\u00e7ados em Economia Aplicada (Cepea).\u00a0<\/a><\/p>\n<p>No geral, a liquidez est\u00e1 mais limitada neste come\u00e7o de outubro. Segundo pesquisadores do instituto, a press\u00e3o sobre os valores vem da posi\u00e7\u00e3o mais retra\u00edda dos compradores, que se mostram abastecidos para o curto prazo. Estes, agora, est\u00e3o \u00e0 espera de um melhor ritmo das vendas para retomar as aquisi\u00e7\u00f5es da mat\u00e9ria-prima.<\/p>\n<p>No campo, a Conab apontou que, at\u00e9 27 de setembro, o plantio da primeira safra 2025\/26 brasileira de feij\u00e3o somava 12,8% da \u00e1rea prevista.\u00a0<\/p>\n<p>O Rio Grande do Sul liderava as atividades, com 29% da \u00e1rea semeada, seguido por Paran\u00e1 (28%), Santa Catarina (25,9%) e Minas Gerais (1,5%, em regi\u00f5es sem vazio sanit\u00e1rio).<\/p>\n<p><em>*Sob supervis\u00e3o de Luis Roberto Toledo<\/em><\/p>\n<\/p><\/div>\n<p><br \/>\n<br \/><a href=\"https:\/\/www.canalrural.com.br\/agricultura\/precos-dos-feijoes-voltam-a-cair-em-algumas-pracas\/\">Source link <\/a><\/p>\n","protected":false},"excerpt":{"rendered":"<p>Ap\u00f3s apresentar avan\u00e7os mais expressivos na segunda quinzena de setembro, os pre\u00e7os dos feij\u00f5es carioca e preto recuaram em algumas<\/p>\n","protected":false},"author":1,"featured_media":13596,"comment_status":"open","ping_status":"open","sticky":false,"template":"","format":"standard","meta":{"_monsterinsights_skip_tracking":false,"_monsterinsights_sitenote_active":false,"_monsterinsights_sitenote_note":"","_monsterinsights_sitenote_category":0,"_uf_show_specific_survey":0,"_uf_disable_surveys":false,"footnotes":""},"categories":[1],"tags":[],"class_list":["post-21542","post","type-post","status-publish","format-standard","has-post-thumbnail","hentry","category-news"],"_links":{"self":[{"href":"https:\/\/agromt.news\/index.php?rest_route=\/wp\/v2\/posts\/21542"}],"collection":[{"href":"https:\/\/agromt.news\/index.php?rest_route=\/wp\/v2\/posts"}],"about":[{"href":"https:\/\/agromt.news\/index.php?rest_route=\/wp\/v2\/types\/post"}],"author":[{"embeddable":true,"href":"https:\/\/agromt.news\/index.php?rest_route=\/wp\/v2\/users\/1"}],"replies":[{"embeddable":true,"href":"https:\/\/agromt.news\/index.php?rest_route=%2Fwp%2Fv2%2Fcomments&post=21542"}],"version-history":[{"count":0,"href":"https:\/\/agromt.news\/index.php?rest_route=\/wp\/v2\/posts\/21542\/revisions"}],"wp:featuredmedia":[{"embeddable":true,"href":"https:\/\/agromt.news\/index.php?rest_route=\/wp\/v2\/media\/13596"}],"wp:attachment":[{"href":"https:\/\/agromt.news\/index.php?rest_route=%2Fwp%2Fv2%2Fmedia&parent=21542"}],"wp:term":[{"taxonomy":"category","embeddable":true,"href":"https:\/\/agromt.news\/index.php?rest_route=%2Fwp%2Fv2%2Fcategories&post=21542"},{"taxonomy":"post_tag","embeddable":true,"href":"https:\/\/agromt.news\/index.php?rest_route=%2Fwp%2Fv2%2Ftags&post=21542"}],"curies":[{"name":"wp","href":"https:\/\/api.w.org\/{rel}","templated":true}]}}