{"id":21540,"date":"2025-10-06T10:25:41","date_gmt":"2025-10-06T14:25:41","guid":{"rendered":"https:\/\/agromt.news\/?p=21540"},"modified":"2025-10-06T10:25:41","modified_gmt":"2025-10-06T14:25:41","slug":"embarques-do-milho-avancam-em-setembro","status":"publish","type":"post","link":"https:\/\/agromt.news\/?p=21540","title":{"rendered":"Embarques do milho avan\u00e7am em setembro"},"content":{"rendered":"<p> <br \/>\n<br \/><img decoding=\"async\" src=\"https:\/\/agromt.news\/wp-content\/uploads\/2025\/03\/Brasil-deve-encerrar-semana-com-negocios-travados.jpg\" \/><\/p>\n<div>\n<p>As exporta\u00e7\u00f5es brasileiras de milho se intensificaram em setembro, com o volume escoado na parcial do m\u00eas j\u00e1 superando em 3% o total do mesmo per\u00edodo de 2024. Isso \u00e9 o que apontam os levantamentos do <a href=\"https:\/\/www.canalrural.com.br\/tag\/cepea\/\">Centro de Estudos Avan\u00e7ados em Economia Aplicada (Cepea).<\/a><\/p>\n<p>Segundo pesquisadores do instituto, a melhora no ritmo de embarque se deve a neg\u00f3cios feitos antecipadamente, tendo em vista que a liquidez nos portos est\u00e1 mais lenta.\u00a0<\/p>\n<p>Por sua vez, a lentid\u00e3o nos portos se deve ao fato de os pre\u00e7os em Paranagu\u00e1 (PR) e em Santos (SP) estarem operando bem pr\u00f3ximos aos praticados no mercado nacional, reduzindo. Dessa forma, o interesse de vendedores em novas efetiva\u00e7\u00f5es para exporta\u00e7\u00e3o.\u00a0<\/p>\n<p>De acordo com dados da Secex, as exporta\u00e7\u00f5es em setembro somaram 6,6 milh\u00f5es de toneladas, acima do volume registrado no mesmo m\u00eas do ano passado. Na safra 2024\/25, os embarques totalizam 18,8 milh\u00f5es de toneladas, 4% abaixo do volume escoado no mesmo per\u00edodo de 2024.\u00a0<\/p>\n<p>Para as pr\u00f3ximas semanas, pesquisadores do Cepea indicam que o ritmo de embarques pode voltar a diminuir. Isso porque o cereal brasileiro deve enfrentar uma forte competi\u00e7\u00e3o com a entrada da safra recorde do Estados Unidos.<\/p>\n<p><em>*Sob supervis\u00e3o de Luis Roberto Toledo<\/em><\/p>\n<\/p><\/div>\n<p><br \/>\n<br \/><a href=\"https:\/\/www.canalrural.com.br\/agricultura\/embarques-do-milho-avancam-em-setembro\/\">Source link <\/a><\/p>\n","protected":false},"excerpt":{"rendered":"<p>As exporta\u00e7\u00f5es brasileiras de milho se intensificaram em setembro, com o volume escoado na parcial do m\u00eas j\u00e1 superando em<\/p>\n","protected":false},"author":1,"featured_media":13912,"comment_status":"open","ping_status":"open","sticky":false,"template":"","format":"standard","meta":{"_monsterinsights_skip_tracking":false,"_monsterinsights_sitenote_active":false,"_monsterinsights_sitenote_note":"","_monsterinsights_sitenote_category":0,"_uf_show_specific_survey":0,"_uf_disable_surveys":false,"footnotes":""},"categories":[1],"tags":[],"class_list":["post-21540","post","type-post","status-publish","format-standard","has-post-thumbnail","hentry","category-news"],"_links":{"self":[{"href":"https:\/\/agromt.news\/index.php?rest_route=\/wp\/v2\/posts\/21540"}],"collection":[{"href":"https:\/\/agromt.news\/index.php?rest_route=\/wp\/v2\/posts"}],"about":[{"href":"https:\/\/agromt.news\/index.php?rest_route=\/wp\/v2\/types\/post"}],"author":[{"embeddable":true,"href":"https:\/\/agromt.news\/index.php?rest_route=\/wp\/v2\/users\/1"}],"replies":[{"embeddable":true,"href":"https:\/\/agromt.news\/index.php?rest_route=%2Fwp%2Fv2%2Fcomments&post=21540"}],"version-history":[{"count":0,"href":"https:\/\/agromt.news\/index.php?rest_route=\/wp\/v2\/posts\/21540\/revisions"}],"wp:featuredmedia":[{"embeddable":true,"href":"https:\/\/agromt.news\/index.php?rest_route=\/wp\/v2\/media\/13912"}],"wp:attachment":[{"href":"https:\/\/agromt.news\/index.php?rest_route=%2Fwp%2Fv2%2Fmedia&parent=21540"}],"wp:term":[{"taxonomy":"category","embeddable":true,"href":"https:\/\/agromt.news\/index.php?rest_route=%2Fwp%2Fv2%2Fcategories&post=21540"},{"taxonomy":"post_tag","embeddable":true,"href":"https:\/\/agromt.news\/index.php?rest_route=%2Fwp%2Fv2%2Ftags&post=21540"}],"curies":[{"name":"wp","href":"https:\/\/api.w.org\/{rel}","templated":true}]}}